{"id":110988,"date":"2025-10-14T20:55:14","date_gmt":"2025-10-14T20:55:14","guid":{"rendered":"https:\/\/www.europesays.com\/pt\/110988\/"},"modified":"2025-10-14T20:55:14","modified_gmt":"2025-10-14T20:55:14","slug":"casamento-de-mari-fernandez-e-julia-ribeiro-os-looks-das-noivas","status":"publish","type":"post","link":"https:\/\/www.europesays.com\/pt\/110988\/","title":{"rendered":"Casamento de Mari Fernandez e J\u00falia Ribeiro: Os looks das noivas"},"content":{"rendered":"<p>O casamento da cantora <a href=\"https:\/\/caras.com.br\/tags\/mari-fernandez\" rel=\"nofollow noopener\" target=\"_blank\"><strong>Mari Fernandez<\/strong><\/a> com a influenciadora digital <strong>J\u00falia Ribeiro<\/strong> aconteceu no final da tarde desta ter\u00e7a-feira, em uma fazenda no interior de S\u00e3o Paulo. As duas trocaram juras de amor na frente dos cerca de 250 convidados em uma cerim\u00f4nia ao ar livre.<\/p>\n<p>Para o grande dia, as duas escolheram vestidos de noivas brancos. Elas optaram por modelitos semelhantes, que tinham saias rodas e eram sem al\u00e7as. A diferen\u00e7a ficou nos detalhes dos looks, j\u00e1 que J\u00falia optou por rendas e Mari escolheu um modelito liso, e tamb\u00e9m nos buqu\u00eas.<\/p>\n<p>As noivas caminharam at\u00e9 o altar com seus pais e esbanjaram seus melhores sorrisos ao se encontrarem.<\/p>\n<p>\u201c\u00c9 uma mistura de sentimentos que eu nem sei explicar. Eu t\u00f4 muito ansiosa, muito feliz, mas parece que a ficha ainda n\u00e3o caiu. \u00c0s vezes me pego pensando: \u2018eu vou casar!\u2019 E a\u00ed vem aquele friozinho na barriga. \u00c9 tanta coisa acontecendo, tanta emo\u00e7\u00e3o envolvida. Estamos vivendo esse processo com muita intensidade e com muito amor. Tenho certeza que vai ser inesquec\u00edvel\u201d, disse J\u00falia na v\u00e9spera da uni\u00e3o.<\/p>\n<p>\t <img loading=\"lazy\" decoding=\"async\" class=\"wp-image-1017846 size-full img-fluid lazy\" alt=\"Casamento de Mari Fernandez e J\u00falia Ribeiro - Foto: Eduardo Martins \/ Brazil News\" width=\"2560\" height=\"1702\" src=\"https:\/\/www.europesays.com\/pt\/wp-content\/uploads\/2025\/10\/EDU8347-scaled.jpg\"  \/>Casamento de Mari Fernandez e J\u00falia Ribeiro \u2013 Foto: Eduardo Martins \/ Brazil News <img loading=\"lazy\" decoding=\"async\" class=\"wp-image-1017840 size-full img-fluid lazy\" alt=\"Casamento de Mari Fernandez e J\u00falia Ribeiro - Foto: Eduardo Martins \/ Brazil News\" width=\"1390\" height=\"1791\" src=\"https:\/\/www.europesays.com\/pt\/wp-content\/uploads\/2025\/10\/EDU8232.jpg\"  \/>Casamento de Mari Fernandez e J\u00falia Ribeiro \u2013 Foto: Eduardo Martins \/ Brazil News <img loading=\"lazy\" decoding=\"async\" class=\"wp-image-1017844 size-full img-fluid lazy\" alt=\"Casamento de Mari Fernandez e J\u00falia Ribeiro - Foto: Eduardo Martins \/ Brazil News\" width=\"1701\" height=\"2560\" src=\"https:\/\/www.europesays.com\/pt\/wp-content\/uploads\/2025\/10\/EDU8321-scaled.jpg\"  \/>Casamento de Mari Fernandez e J\u00falia Ribeiro \u2013 Foto: Eduardo Martins \/ Brazil News <img loading=\"lazy\" decoding=\"async\" class=\"wp-image-1017841 size-full img-fluid lazy\" alt=\"Casamento de Mari Fernandez e J\u00falia Ribeiro - Foto: Eduardo Martins \/ Brazil News\" width=\"1701\" height=\"2560\" src=\"https:\/\/www.europesays.com\/pt\/wp-content\/uploads\/2025\/10\/EDU8240-scaled.jpg\"  \/>Casamento de Mari Fernandez e J\u00falia Ribeiro \u2013 Foto: Eduardo Martins \/ Brazil News <img loading=\"lazy\" decoding=\"async\" class=\"wp-image-1017845 size-full img-fluid lazy\" alt=\"Casamento de Mari Fernandez e J\u00falia Ribeiro - Foto: Eduardo Martins \/ Brazil News\" width=\"2456\" height=\"2120\" src=\"https:\/\/www.europesays.com\/pt\/wp-content\/uploads\/2025\/10\/EDU8342.jpg\"  \/>Casamento de Mari Fernandez e J\u00falia Ribeiro \u2013 Foto: Eduardo Martins \/ Brazil News <img loading=\"lazy\" decoding=\"async\" class=\"wp-image-1017842 size-full img-fluid lazy\" alt=\"Casamento de Mari Fernandez e J\u00falia Ribeiro - Foto: Eduardo Martins \/ Brazil News\" width=\"1701\" height=\"2560\" src=\"https:\/\/www.europesays.com\/pt\/wp-content\/uploads\/2025\/10\/EDU8260-scaled.jpg\"  \/>Casamento de Mari Fernandez e J\u00falia Ribeiro \u2013 Foto: Eduardo Martins \/ Brazil News <\/p>\n<p><strong>Leia tamb\u00e9m<\/strong>: <a href=\"https:\/\/caras.com.br\/noivas\/mari-fernandez-mostra-ensaio-pre-wedding-e-se-declara-para-julia-ribeiro.phtml\" rel=\"nofollow noopener\" target=\"_blank\">Mari Fernandez mostra ensaio \u2018pr\u00e9-wedding\u2019 e se declara para J\u00falia Ribeiro<\/a><\/p>\n<p> O vestido de noiva de J\u00falia Ribeiro <\/p>\n<p>Na v\u00e9spera do casamento, J\u00falia Ribeiro falou sobre os detalhes do seu vestido de noiva. Ela contou que o look foi feito exclusivo para ela pela estilista Flayza Vieira. \u201cQuando fui experimentando os primeiros modelos em loja, serviu mais ainda para confirmar que eu realmente queria algo mais \u00fanico, que fosse a minha cara, com meu estilo e com detalhes que falassem sobre mim. Ent\u00e3o fui juntando tudo o que gosto para construir uma pe\u00e7a que representasse quem eu sou\u201d, disse ela.<\/p>\n<p>A estrela escolheu um vestido cl\u00e1ssico e atemporal. \u201cEu sempre soube que queria um vestido no estilo princesa, com aquele ar mais rom\u00e2ntico, mas ao mesmo tempo que valorizasse meu corpo, com um toque de sensualidade. Gosto desse equil\u00edbrio. N\u00e3o vou dar muitos spoilers, mas sou suspeita de falar que est\u00e1 lindo\u201d, afirmou.<\/p>\n<p><strong>Leia tamb\u00e9m<\/strong>: <a href=\"https:\/\/caras.com.br\/noivas\/veja-os-looks-dos-famosos-no-casamento-de-mari-fernandez-e-julia-ribeiro.phtml\" rel=\"nofollow noopener\" target=\"_blank\">Veja os looks dos famosos no casamento de Mari Fernandez e J\u00falia Ribeiro<\/a><\/p>\n<p>\t Relembre o pedido de noivado <\/p>\n<p>Mari Fernandez e J\u00falia Ribeiro <a href=\"https:\/\/caras.com.br\/noivas\/mari-fernandez-pede-julia-ribeiro-em-casamento-veja-o-momento.phtml\" rel=\"nofollow noopener\" target=\"_blank\">fizeram o pedido de noivado no Dia dos Namorados, celebrado em 12 de junho<\/a>. Na ocasi\u00e3o, a cantora chamou a companheira ao palco durante um show realizado em Aracaju e oficializou o pedido diante dos f\u00e3s.<\/p>\n<p>\u201cNesse dia t\u00e3o especial, eu queria chamar ela aqui. Queria dizer, amor, que eu lhe amo. Muito obrigada por tudo que voc\u00ea j\u00e1 fez na minha vida. Para quem n\u00e3o sabe, a gente j\u00e1 est\u00e1 junto h\u00e1 tr\u00eas anos e meio, e a gente j\u00e1 passou muitos Dia dos Namorados juntas, mas escondidas, s\u00f3 que esse vai ser o nosso primeiro Dia dos Namorados que a gente vai mostrar para todo mundo que a gente se ama\u201d, iniciou a cantora.<\/p>\n<p>\u201cDois anos atr\u00e1s, quando eu escrevi essa m\u00fasica para voc\u00ea, eu pedi a voc\u00ea em noivado, s\u00f3 que quase ningu\u00e9m sabe, porque foi na sala do nosso apartamento que a gente morava l\u00e1 em Fortaleza. E a gente j\u00e1 usa a alian\u00e7a, j\u00e1 est\u00e1 com a alian\u00e7a de noivado. S\u00f3 que eu queria aproveitar que hoje \u00e9 dia 12 de junho para perguntar oficialmente. Voc\u00ea aceita \u2013 \u00f3 voc\u00ea n\u00e3o vai me dar um n\u00e3o na frente do povo de Aracaju, n\u00e3o viu? \u2013 voc\u00ea aceita casar comigo esse ano ou o pr\u00f3ximo ano, se Deus quiser?\u201d, perguntou Mari. \u201cClaro\u201d, respondeu J\u00falia Ribeiro.<\/p>\n<p>        <a href=\"https:\/\/caras.com.br\/autor\/priscilla-comoti\" rel=\"nofollow noopener\" target=\"_blank\">&#13;<br \/>\n          <img alt=\"Priscilla Comoti\" src=\"https:\/\/www.europesays.com\/pt\/wp-content\/uploads\/2025\/10\/1760475314_662_e53883bdf02c542f6517b68879e8cb08b27a1d55c4dfd53577e47d3ab6331a06\"  class=\"avatar avatar-115 photo rounded-circle mr-3\" height=\"115\" width=\"115\" loading=\"lazy\" decoding=\"async\"\/>        <\/a><\/p>\n<p>Priscilla Comoti \u00e9 editora de conte\u00fado do site CARAS. Ela \u00e9 formada em jornalismo e em audiovisual, j\u00e1 passou pelos sites Contigo!, Minha Novela, TiTiTi, Mais Novela e Portal M\u00e1rcia Piovesan. Escreve sobre celebridades, not\u00edcias sobre a fam\u00edlia real brit\u00e2nica, TV, reality show e novelas.<\/p>\n","protected":false},"excerpt":{"rendered":"O casamento da cantora Mari Fernandez com a influenciadora digital J\u00falia Ribeiro aconteceu no final da tarde desta&hellip;\n","protected":false},"author":2,"featured_media":110989,"comment_status":"","ping_status":"","sticky":false,"template":"","format":"standard","meta":{"footnotes":""},"categories":[145],"tags":[1435,211,210,114,115,26292,26293,32,33,2684],"class_list":{"0":"post-110988","1":"post","2":"type-post","3":"status-publish","4":"format-standard","5":"has-post-thumbnail","7":"category-celebridades","8":"tag-casamento","9":"tag-celebridades","10":"tag-celebrities","11":"tag-entertainment","12":"tag-entretenimento","13":"tag-julia-ribeiro","14":"tag-mari-fernandez","15":"tag-portugal","16":"tag-pt","17":"tag-vestido-de-noiva"},"share_on_mastodon":{"url":"","error":""},"_links":{"self":[{"href":"https:\/\/www.europesays.com\/pt\/wp-json\/wp\/v2\/posts\/110988","targetHints":{"allow":["GET"]}}],"collection":[{"href":"https:\/\/www.europesays.com\/pt\/wp-json\/wp\/v2\/posts"}],"about":[{"href":"https:\/\/www.europesays.com\/pt\/wp-json\/wp\/v2\/types\/post"}],"author":[{"embeddable":true,"href":"https:\/\/www.europesays.com\/pt\/wp-json\/wp\/v2\/users\/2"}],"replies":[{"embeddable":true,"href":"https:\/\/www.europesays.com\/pt\/wp-json\/wp\/v2\/comments?post=110988"}],"version-history":[{"count":0,"href":"https:\/\/www.europesays.com\/pt\/wp-json\/wp\/v2\/posts\/110988\/revisions"}],"wp:featuredmedia":[{"embeddable":true,"href":"https:\/\/www.europesays.com\/pt\/wp-json\/wp\/v2\/media\/110989"}],"wp:attachment":[{"href":"https:\/\/www.europesays.com\/pt\/wp-json\/wp\/v2\/media?parent=110988"}],"wp:term":[{"taxonomy":"category","embeddable":true,"href":"https:\/\/www.europesays.com\/pt\/wp-json\/wp\/v2\/categories?post=110988"},{"taxonomy":"post_tag","embeddable":true,"href":"https:\/\/www.europesays.com\/pt\/wp-json\/wp\/v2\/tags?post=110988"}],"curies":[{"name":"wp","href":"https:\/\/api.w.org\/{rel}","templated":true}]}}