{"id":111016,"date":"2025-10-14T21:26:09","date_gmt":"2025-10-14T21:26:09","guid":{"rendered":"https:\/\/www.europesays.com\/pt\/111016\/"},"modified":"2025-10-14T21:26:09","modified_gmt":"2025-10-14T21:26:09","slug":"quarta-na-tv-entre-os-murdaugh-e-o-solista-ninguem-nos-viu-partir-televisao","status":"publish","type":"post","link":"https:\/\/www.europesays.com\/pt\/111016\/","title":{"rendered":"Quarta na TV: entre os Murdaugh e O Solista, Ningu\u00e9m Nos Viu Partir | Televis\u00e3o"},"content":{"rendered":"<p>CINEMA<\/p>\n<p dir=\"ltr\"><strong><a href=\"https:\/\/cinecartaz.publico.pt\/Filme\/367076_manchester-by-the-sea\" rel=\"nofollow noopener\" target=\"_blank\">Manchester by the Sea<\/a><\/strong><br \/><strong>AMC, 16h40<\/strong><\/p>\n<p dir=\"ltr\">Lee Chandler, um encarregado de limpeza, tenta lidar com a morte do irm\u00e3o ap\u00f3s um ataque card\u00edaco e cuidar do seu sobrinho. Para isso, vai para a pequena cidade do Massachusetts que d\u00e1 nome ao filme. Com Casey Affleck \u00e0 frente de um elenco em que tamb\u00e9m constam nomes como Michelle Williams, Kyle Chandler, Lucas Hedges ou Gretchen Mol, foi um dos filmes mais falados de 2016. Dos seis \u00d3scares para que estava nomeado, recebeu dois: melhor actor principal para Affleck e melhor argumento original para Kenneth Lonergan, que tamb\u00e9m se encarrega da realiza\u00e7\u00e3o.<\/p>\n<p dir=\"ltr\"><strong><a href=\"https:\/\/cinecartaz.publico.pt\/filme\/47-ronin---a-grande-batalha-samurai--327457\" rel=\"nofollow noopener\" target=\"_blank\">47 Ronin &#8211; A Grande Batalha Samurai<\/a><\/strong><br \/><strong>SyFy, 22h15<\/strong><\/p>\n<p dir=\"ltr\">Um \u00e9pico recheado de efeitos especiais, realizado por Carl Rinsch e protagonizado por um actor aqui \u201cdevolvido\u201d aos filmes de ac\u00e7\u00e3o: Keanu Reeves. D\u00e1 vida a um samurai marginalizado que se transforma na \u00fanica esperan\u00e7a de um grupo que quer vingar a morte do seu mestre e acabar com o senhor da guerra que o mandou assassinar, mesmo que para isso tenha de enfrentar ex\u00e9rcitos, feiti\u00e7os e criaturas fant\u00e1sticas.<\/p>\n<p dir=\"ltr\"><strong><a href=\"https:\/\/cinecartaz.publico.pt\/Filme\/241119_o-solista\" rel=\"nofollow noopener\" target=\"_blank\">O Solista<\/a><\/strong><br \/><strong>AXN White, 23h05<\/strong><\/p>\n<p dir=\"ltr\">Um jornalista (Robert Downey Jr.) fica fascinado por um sem-abrigo (Jamie Foxx) que toca um violino de duas cordas nas ruas de Los Angeles. Vem a descobrir que ele foi, h\u00e1 30 anos, um aluno exemplar da prestigiada Juilliard School. Realizado por Joe Wright, o filme \u00e9 escrito por Susannah Grant, com base na hist\u00f3ria relatada pelo pr\u00f3prio rep\u00f3rter.<\/p>\n<p dir=\"ltr\"><strong><a href=\"https:\/\/cinecartaz.publico.pt\/filme\/madame-web-411451\" rel=\"nofollow noopener\" target=\"_blank\">Madame Web<\/a><\/strong><br \/><strong>AXN, 00h10<\/strong><\/p>\n<p dir=\"ltr\">Mais uma adapta\u00e7\u00e3o de uma personagem feminina do universo Marvel, desta vez aquela que Denny O\u2019Neil e John Romita Jr. criaram em 1980. A realiza\u00e7\u00e3o \u00e9 de S. J. Clarkson, que co-escreve o argumento com Claire Parker, Matt Sazama e Burk Sharpless. Cabe a Dakota Johnson encarnar Cassandra Webb, a param\u00e9dica que, um dia, percebe que tem poderes premonit\u00f3rios. Depois de uma primeira fase de pavor, acaba por aprender a lidar com essa sua capacidade. \u00c9 ent\u00e3o que se cruza com Julia (Sydney Sweeney), Anya (Isabela Merced) e Mattie (Celeste O\u2019Connor), que se v\u00e3o revelar fundamentais para enfrentar um advers\u00e1rio que parece ter um objectivo preciso: assassin\u00e1-la.<\/p>\n<p>S\u00c9RIES<\/p>\n<p dir=\"ltr\"><strong>Morte na Fam\u00edlia Murdaugh<\/strong><br \/><strong>Disney+, streaming<\/strong><\/p>\n<p dir=\"ltr\">Estreia. Patricia Arquette, Jason Clarke, J. Smith-Cameron, Brittany Snow, Johnny Berchtold, Will Harrison e Gerald McRaney d\u00e3o vida a esta dramatiza\u00e7\u00e3o de um caso de crime real. Na senda do podcast investigativo da jornalista Mandy Matney, a miniss\u00e9rie gira em torno do que aconteceu \u00e0 fam\u00edlia de Alex Murdaugh, um influente advogado norte-americano que, em 2021, encontrou a mulher e o filho mais novo assassinados \u2013 homic\u00eddios pelos quais acabaria por ser condenado a duas penas perp\u00e9tuas, sem possibilidade de liberdade condicional.<\/p>\n<p dir=\"ltr\"><strong>Cozinhar Um Urso<\/strong><br \/><strong>Disney+, streaming<\/strong><\/p>\n<p dir=\"ltr\">Tamb\u00e9m em estreia est\u00e1 esta produ\u00e7\u00e3o sueca que adapta \u00e0 televis\u00e3o o premiado romance criminal de \u00e9poca escrito por Mikael Niemi. Passa-se no s\u00e9culo XIX, algures no norte do pa\u00eds, onde uma pequena comunidade \u00e9 abalada por homic\u00eddios sucessivos. Na mesma altura, chega um novo pastor, com a sua fam\u00edlia, que s\u00f3 quer ajudar mas acaba no centro das tens\u00f5es.<\/p>\n<p dir=\"ltr\"><strong>Ningu\u00e9m Nos Viu Partir<\/strong><br \/><strong>Netflix, streaming<\/strong><\/p>\n<p dir=\"ltr\">Estreia. At\u00e9 onde vai uma m\u00e3e para recuperar os filhos? A desta s\u00e9rie vai pelo mundo fora, at\u00e9 onde for preciso, \u00e0 procura das crian\u00e7as que o pai delas resolveu raptar. Nessa jornada, tem ainda de lidar com preconceitos sociais e contendas familiares. A hist\u00f3ria conta-se nos cinco epis\u00f3dios desta produ\u00e7\u00e3o mexicana.<\/p>\n<p>M\u00daSICA<\/p>\n<p dir=\"ltr\"><strong>Alta Fidelidade<\/strong><br \/><strong>RTP1, 22h40<\/strong><\/p>\n<p dir=\"ltr\">A RTP rep\u00f5e, desde o primeiro cap\u00edtulo, o programa dedicado \u00e0 m\u00fasica portuguesa que estreou em 2020, com Vasco Palmeirim como anfitri\u00e3o e com os Xutos &amp; Pontap\u00e9s como convidados inaugurais. O Est\u00fadio 1 da Valentim de Carvalho tornou-se palco de conversas intimistas, repletas de hist\u00f3rias sobre can\u00e7\u00f5es, concertos, ensaios e bastidores, cada epis\u00f3dio com um artista ou banda a partilh\u00e1-las e a deixar-se surpreender por novas vers\u00f5es de temas seus, feitas por m\u00fasicos-f\u00e3s. Tamb\u00e9m por l\u00e1 passaram Jos\u00e9 Cid, GNR, Jorge Palma, Trovante, Paulo de Carvalho ou Rui Veloso, que agora voltam \u00e0 antena em cad\u00eancia semanal.<\/p>\n<p>        &#13;<\/p>\n<p>&#13;<br \/>\n                &#13;\n            <\/p>\n<p>&#13;<\/p>\n","protected":false},"excerpt":{"rendered":"CINEMA Manchester by the SeaAMC, 16h40 Lee Chandler, um encarregado de limpeza, tenta lidar com a morte do&hellip;\n","protected":false},"author":2,"featured_media":111017,"comment_status":"","ping_status":"","sticky":false,"template":"","format":"standard","meta":{"footnotes":""},"categories":[142],"tags":[470,1413,1414,114,115,294,150,32,33,291,941,940,218,151],"class_list":{"0":"post-111016","1":"post","2":"type-post","3":"status-publish","4":"format-standard","5":"has-post-thumbnail","7":"category-tv","8":"tag-cinema","9":"tag-cultura-ipsilon","10":"tag-documentario","11":"tag-entertainment","12":"tag-entretenimento","13":"tag-lazer","14":"tag-musica","15":"tag-portugal","16":"tag-pt","17":"tag-relaxar","18":"tag-series","19":"tag-streaming","20":"tag-televisao","21":"tag-tv"},"share_on_mastodon":{"url":"","error":""},"_links":{"self":[{"href":"https:\/\/www.europesays.com\/pt\/wp-json\/wp\/v2\/posts\/111016","targetHints":{"allow":["GET"]}}],"collection":[{"href":"https:\/\/www.europesays.com\/pt\/wp-json\/wp\/v2\/posts"}],"about":[{"href":"https:\/\/www.europesays.com\/pt\/wp-json\/wp\/v2\/types\/post"}],"author":[{"embeddable":true,"href":"https:\/\/www.europesays.com\/pt\/wp-json\/wp\/v2\/users\/2"}],"replies":[{"embeddable":true,"href":"https:\/\/www.europesays.com\/pt\/wp-json\/wp\/v2\/comments?post=111016"}],"version-history":[{"count":0,"href":"https:\/\/www.europesays.com\/pt\/wp-json\/wp\/v2\/posts\/111016\/revisions"}],"wp:featuredmedia":[{"embeddable":true,"href":"https:\/\/www.europesays.com\/pt\/wp-json\/wp\/v2\/media\/111017"}],"wp:attachment":[{"href":"https:\/\/www.europesays.com\/pt\/wp-json\/wp\/v2\/media?parent=111016"}],"wp:term":[{"taxonomy":"category","embeddable":true,"href":"https:\/\/www.europesays.com\/pt\/wp-json\/wp\/v2\/categories?post=111016"},{"taxonomy":"post_tag","embeddable":true,"href":"https:\/\/www.europesays.com\/pt\/wp-json\/wp\/v2\/tags?post=111016"}],"curies":[{"name":"wp","href":"https:\/\/api.w.org\/{rel}","templated":true}]}}