{"id":111028,"date":"2025-10-14T21:34:09","date_gmt":"2025-10-14T21:34:09","guid":{"rendered":"https:\/\/www.europesays.com\/pt\/111028\/"},"modified":"2025-10-14T21:34:09","modified_gmt":"2025-10-14T21:34:09","slug":"israel-so-permite-a-entrada-em-gaza-de-metade-dos-camioes-de-ajuda-humanitaria-que-tinha-prometido-correio-da-manha","status":"publish","type":"post","link":"https:\/\/www.europesays.com\/pt\/111028\/","title":{"rendered":"Israel s\u00f3 permite a entrada em Gaza de metade dos cami\u00f5es de ajuda humanit\u00e1ria que tinha prometido &#8211; Correio da Manh\u00e3"},"content":{"rendered":"<ol>\n<li><a href=\"https:\/\/news.google.com\/rss\/articles\/CBMi_AFBVV95cUxNcEtLa0t1MEJ5VnRfZUJpb3RZRmZlNjZsQkkwMGEyQjRRdEl4ZGdvWmpLMDlUSVIzRkNTakxXQU8zSEYzeWJ6NEFFLW45dkpSa1kwN0xXSHVOQ0VqVXluY0lfOEFKTFI1aDRCT1l4eUlhcFR6S3g1Mk93UW5IS2Zhb1ZCeVZxYUh6eVVQUW1ualk1akJQWENhMkdOeWlIUTQxdHU4NFJZY09xcHZVbHVOTWQyRVFrQW5jcWpXOV9PTEJIYmhEZGdkRHJsekVySXhQVHFBUlNJVjYwMTVjVVRUbFJ2UGlDUU1NTmozSGNDZEI4a3JmSEk0QzhRZkHSAfcBQVVfeXFMTjJRejdtbVcxWDlfRzFFcUdCdTRiZEhaUDZlN1ZuMHMtaGk0SWVPM0FTVDNSUzhlWlZtZkt3d2dBa3lvaW5GcDU1XzJ2VGJVOGpJUVlseERKcmZnUl9YU0ZWNHdVcjN2dGJrekxPanQyZXh2SzlEd25tMVE2TnhseU1fUlRvc2FKVV9udEh2T0lsVVVIVW0tV0JMQ2lZOHRqXzBSZ0dCSE5HM1RJZTJGX1JidGtOUGlFMklxeV9ZaG9qT2xhTWJ5VU1yLUxXLTk4cjlMTFAxMnpZS08xV0lnM3RGWUN5QUh3dEtBM1FZQUdFbGM5SXFFNA?oc=5\" target=\"_blank\" rel=\"nofollow noopener\">Israel s\u00f3 permite a entrada em Gaza de metade dos cami\u00f5es de ajuda humanit\u00e1ria que tinha prometido<\/a>&nbsp;&nbsp;Correio da Manh\u00e3<\/li>\n<li><a href=\"https:\/\/news.google.com\/rss\/articles\/CBMizgFBVV95cUxOTTJPSE1nVFQ4emYzazJleDlVSldFdnY0SDJNZ0ZFOXZwOW5MaWttUEQzeDh0X3Z3TTFiajNJQkxjLWNNeGRVbjBWSTZVMjFVSjk1YW1LenV4Vkx1c0xoX3NtNml3NjZMajI5dG5WdWJNdENFLTQ4ZjhGdTdJZUJYRUNZR0QxS2pPYmNZNmFHN1YxaXh3cGFpdk9WbWdjbEFudUVsY2RIWkM0Uk1kbWhIUW9IX3R3WXpCWkR4a01kX05DdFMxaTJiR3Q5M1QxUdIB3AFBVV95cUxNZjZ0NG90aWRrelNTSnZHSlpjeHZSYk4xa0N6MDRzVUE1aE1xNEpsbWFrU3dhLVlQVkZUX0xrdmJ1VGNZV0lUaXpvTzB2X1RkaC0xQWZnMXZSeGNnd2hOd1dqYlBKTTAyVFlDZ09zUFhSSjhtOGp1ZGVWNXlLcmZtRHZJai1XTDJINVhWT28yVXE3QTJMS3Q5UldVdzN0UlBZQWdDR1ZVTmoxMkF2TXAwTElXeTZvT2RlVmJBaU02UUEyT3pjY0VibzVhODlDeEFObnprRUE5eUlKNlZN?oc=5\" target=\"_blank\" rel=\"nofollow noopener\">Trump diz que Hamas precisa se desarmar ou ser\u00e1 desarmado &#8216;de forma violenta&#8217;<\/a>&nbsp;&nbsp;G1<\/li>\n<li><a href=\"https:\/\/news.google.com\/rss\/articles\/CBMi0gFBVV95cUxONlZoV0d5SkRvY05fa0J2X09OcF9JQXdwb1dNaV9ERHpvSzUzUXNHUGp1bmdZQ2ZRajZzOGYtR1pmZjR2OXBGVmJOSk1sQVRDeEQzMnBLWFFpb1B6amhhYTNnX1d3MWp1SXJ5TlViMG1yWEpHdE1ha1hYOFVHNkFwcVNGSk5tS0oxZjdSTDFIamVWUlhldm55TFRnNVR0MGVBT3Zpc2xBcEMtU0NuNTdtVlZydEpIWGpyZl94emJONExTN3NnYTVIcl9mNzMzRWdyc2fSAdcBQVVfeXFMT1V1ZE9yMlN2UWl4eXRoT1dZQXMzM29UNXRvNjNBOUxBR1ZyT091U09BdlNGbFNNV21LdjZUUDNMWjhIeXlCWm1YNTNKVGEtTXVwbFA4YzN6c21JY1JfTDRCZ2NFWVlVUjZyZEdZYTVLaG9hTDZ4cWVlQzFuU0t2ZHZfc09RQTh2VUt1NlNQdmN5SElvT05yWVJWNmNTUjZ3SnFaT0NvejVOdVBaOGNhZmdrTTNiMldXRGE0MGhwYjFMS1h6dE1CTDQ1eDRuN24ya2JJb2VnYm8?oc=5\" target=\"_blank\" rel=\"nofollow noopener\">Hamas retoma posi\u00e7\u00f5es em Gaza, mas Trump alerta: \u2018Se eles n\u00e3o se desarmarem, n\u00f3s os desarmaremos\u2019<\/a>&nbsp;&nbsp;Jovem Pan<\/li>\n<li><a href=\"https:\/\/news.google.com\/rss\/articles\/CBMi1wFBVV95cUxPbkhwUjlmRGVZV3Jlc1hya1RtNFRjU08waFIxZUUwOFNnNmcxNWZybnJOZlRCd24tdFBCV0I1WHlIYll6dm5JYmlDWWt3X0YxZ2RrbTF6RHEtTVU5T0ZVQ0xhMVp4b21tN191ZU5PU1M4VXFEcXVJb1pWZXQwaWNYRk41eTYyMHM3bFBlTjdKWW5keHZyT0dfSWtnQ3I3bTFPeU5DR3V3eXNyaUlvODRELTBWcVJuRzB5Umhmc3hvcklfWTR2RDZnSFRrOEN5RExnWHBRNTR2dw?oc=5\" target=\"_blank\" rel=\"nofollow noopener\">Israel identifica 4 corpos de ref\u00e9ns entregues pelo Hamas; ainda h\u00e1 24 com grupo terrorista<\/a>&nbsp;&nbsp;Folha de S.Paulo<\/li>\n<li><a href=\"https:\/\/news.google.com\/rss\/articles\/CBMioAFBVV95cUxNOGJyQ09US2FBSDJ4cnJPbDduODY4bnBxQ1BLLTNVQkp6V2MtbW5jNDFtM0E4YUxzYUNqeFUxZXg1aW5NaWVTRTFDQlhNalo4Ul9vVk4zRDFUcURnQWQ5ZEc5VndqTHBTcjI2VWg5SnVkWm9rM2VTdW5wMVdmd1BibkVHeFhQYUg5YkhubU1UU3ZlTUNjcGhQUDJ4cXd2WnN60gGmAUFVX3lxTE5RbHBrcUVHb2F0bVIyWlhmM0JjZjEyVG5OTlYxaVNkOXNWMlBzcWZiUmJseWV2dFFFYmM5M1p1REdKSjYxLWt1cFdDZC11MWJlcFBJZlZsdFZ3TTZReWVHWFA1blh5OVpFVUluWElnQWdhQi1rN2hLbDJNZkI1VU9MTFNmU1Bpd2Z1bnM4bHdGWU00Z25TRzcyaXBHQVpnT1lidHFIVmc?oc=5\" target=\"_blank\" rel=\"nofollow noopener\">Direita entrega resultados; esquerda, narrativas<\/a>&nbsp;&nbsp;Gazeta do Povo<\/li>\n<\/ol>\n","protected":false},"excerpt":{"rendered":"Israel s\u00f3 permite a entrada em Gaza de metade dos cami\u00f5es de ajuda humanit\u00e1ria que tinha prometido&nbsp;&nbsp;Correio da&hellip;\n","protected":false},"author":2,"featured_media":109680,"comment_status":"","ping_status":"","sticky":false,"template":"","format":"standard","meta":{"footnotes":""},"categories":[50],"tags":[27,28,15,16,14,25,26,21,22,62,12,13,19,20,23,24,17,18,29,30,31,63,64,65],"class_list":{"0":"post-111028","1":"post","2":"type-post","3":"status-publish","4":"format-standard","5":"has-post-thumbnail","7":"category-mundo","8":"tag-breaking-news","9":"tag-breakingnews","10":"tag-featured-news","11":"tag-featurednews","12":"tag-headlines","13":"tag-latest-news","14":"tag-latestnews","15":"tag-main-news","16":"tag-mainnews","17":"tag-mundo","18":"tag-news","19":"tag-noticias","20":"tag-noticias-principais","21":"tag-noticiasprincipais","22":"tag-principais-noticias","23":"tag-principaisnoticias","24":"tag-top-stories","25":"tag-topstories","26":"tag-ultimas","27":"tag-ultimas-noticias","28":"tag-ultimasnoticias","29":"tag-world","30":"tag-world-news","31":"tag-worldnews"},"share_on_mastodon":{"url":"","error":""},"_links":{"self":[{"href":"https:\/\/www.europesays.com\/pt\/wp-json\/wp\/v2\/posts\/111028","targetHints":{"allow":["GET"]}}],"collection":[{"href":"https:\/\/www.europesays.com\/pt\/wp-json\/wp\/v2\/posts"}],"about":[{"href":"https:\/\/www.europesays.com\/pt\/wp-json\/wp\/v2\/types\/post"}],"author":[{"embeddable":true,"href":"https:\/\/www.europesays.com\/pt\/wp-json\/wp\/v2\/users\/2"}],"replies":[{"embeddable":true,"href":"https:\/\/www.europesays.com\/pt\/wp-json\/wp\/v2\/comments?post=111028"}],"version-history":[{"count":0,"href":"https:\/\/www.europesays.com\/pt\/wp-json\/wp\/v2\/posts\/111028\/revisions"}],"wp:featuredmedia":[{"embeddable":true,"href":"https:\/\/www.europesays.com\/pt\/wp-json\/wp\/v2\/media\/109680"}],"wp:attachment":[{"href":"https:\/\/www.europesays.com\/pt\/wp-json\/wp\/v2\/media?parent=111028"}],"wp:term":[{"taxonomy":"category","embeddable":true,"href":"https:\/\/www.europesays.com\/pt\/wp-json\/wp\/v2\/categories?post=111028"},{"taxonomy":"post_tag","embeddable":true,"href":"https:\/\/www.europesays.com\/pt\/wp-json\/wp\/v2\/tags?post=111028"}],"curies":[{"name":"wp","href":"https:\/\/api.w.org\/{rel}","templated":true}]}}