{"id":111029,"date":"2025-10-14T21:36:26","date_gmt":"2025-10-14T21:36:26","guid":{"rendered":"https:\/\/www.europesays.com\/pt\/111029\/"},"modified":"2025-10-14T21:36:26","modified_gmt":"2025-10-14T21:36:26","slug":"habitacao-ministro-diz-que-falta-mao-de-obra-em-portugal-para-construir","status":"publish","type":"post","link":"https:\/\/www.europesays.com\/pt\/111029\/","title":{"rendered":"Habita\u00e7\u00e3o. Ministro diz que falta m\u00e3o-de-obra em Portugal para construir"},"content":{"rendered":"<p>                    Na audi\u00e7\u00e3o regimental na Comiss\u00e3o de Reforma do Estado e Poder Local, o ministro admitiu que &#8220;muitos edif\u00edcios est\u00e3o a ter dificuldades em ir para o terreno por car\u00eancia de m\u00e3o-de-obra&#8221;.<\/p>\n<p>&#8220;Quando se fala com as empresas, muitas delas dizem &#8216;n\u00e3o, n\u00e3o \u00e9 falta de m\u00e3o-de-obra, os senhores est\u00e3o \u00e9 a p\u00f4r os pre\u00e7os muito baixos&#8217; e as obras s\u00f3 s\u00e3o adjudicadas, nalguns casos, ao segundo, terceiro, quarto ou quinto concurso, com bases de licita\u00e7\u00e3o cada vez maiores. A minha convic\u00e7\u00e3o \u00e9 que h\u00e1 mesmo falta de m\u00e3o-de-obra. Se houvesse m\u00e3o-de-obra abundante, as obras seriam adjudicadas a outros pre\u00e7os&#8221;, insistiu, perante os deputados.<\/p>\n<p>Para colmatar a aus\u00eancia de m\u00e3o-de-obra, o antigo autarca de S\u00e3o Jo\u00e3o da Madeira sublinhou a import\u00e2ncia da imigra\u00e7\u00e3o, seja por iniciativa espont\u00e2nea, seja promovida por associa\u00e7\u00f5es empresariais ou de grandes empresas que t\u00eam &#8220;uma via facilitada de integra\u00e7\u00e3o de imigrantes para trabalhar em Portugal&#8221;.<\/p>\n<p>O ministro sublinhou que esta &#8220;via facilitada&#8221; apenas ocorre se os imigrantes tiverem garantido &#8220;um posto de trabalho, um contrato de trabalho e um local digno em que possam viver&#8221;.<\/p>\n<p>Apesar de ter come\u00e7ado &#8220;muito devagar&#8221;, o governante sublinhou que \u00e9 algo que est\u00e1 agora a &#8220;avan\u00e7ar um pouco mais r\u00e1pido&#8221; e que &#8220;j\u00e1 h\u00e1 muit\u00edssimas pessoas a vir para Portugal por esta via, com processos de integra\u00e7\u00e3o mais r\u00e1pidos&#8221; por terem garantido trabalho e casa.<\/p>\n<p>Al\u00e9m destas medidas, o ministro abordou a coopera\u00e7\u00e3o com alguns pa\u00edses africanos de l\u00edngua oficial portuguesa em que \u00e9 dada forma\u00e7\u00e3o profissional e parte dos formandos vem para Portugal &#8220;j\u00e1 com forma\u00e7\u00e3o adequada \u00e0s necessidades das empresas&#8221;.<\/p>\n<p>O ministro abordou ainda algumas medidas aprovadas pelo Governo com o objetivo de baixar os pre\u00e7os da habita\u00e7\u00e3o em Portugal, como altera\u00e7\u00f5es aos Planos Diretores Municipais para construir em terrenos r\u00fasticos, altera\u00e7\u00f5es em impostos para a constru\u00e7\u00e3o e arrendamento ou a inten\u00e7\u00e3o de lan\u00e7ar uma linha do Banco Europeu de Investimento (BEI) para as autarquias.<\/p>\n<p>O \u00edndice de pre\u00e7os da habita\u00e7\u00e3o aumentou 17,2% no segundo trimestre, acelerando 0,9 pontos percentuais face aos tr\u00eas meses anteriores, tendo sido transacionados mais de 10.000 milh\u00f5es de euros, divulgou hoje o Instituto Nacional de Estat\u00edstica (INE).<\/p>\n<p>Segundo o INE, os pre\u00e7os das casas existentes subiram 18,3% e das habita\u00e7\u00f5es novas 14,5% entre abril e junho.<\/p>\n<p>Face aos tr\u00eas meses anteriores, o \u00cdndice de Pre\u00e7os da Habita\u00e7\u00e3o (IPHab) aumentou 4,7%, contra 4,8% no trimestre precedente, tendo as casas existentes tido um aumento de 5,1% e as habita\u00e7\u00f5es novas uma subida de 3,8%.&#13;<\/p>\n","protected":false},"excerpt":{"rendered":"Na audi\u00e7\u00e3o regimental na Comiss\u00e3o de Reforma do Estado e Poder Local, o ministro admitiu que &#8220;muitos edif\u00edcios&hellip;\n","protected":false},"author":2,"featured_media":111030,"comment_status":"","ping_status":"","sticky":false,"template":"","format":"standard","meta":{"footnotes":""},"categories":[8],"tags":[27,28,11850,15,16,456,14,25,26,21,22,26299,12,13,19,20,32,23,24,33,17,18,29,30,31],"class_list":{"0":"post-111029","1":"post","2":"type-post","3":"status-publish","4":"format-standard","5":"has-post-thumbnail","7":"category-principais-noticias","8":"tag-breaking-news","9":"tag-breakingnews","10":"tag-construcao","11":"tag-featured-news","12":"tag-featurednews","13":"tag-habitacao","14":"tag-headlines","15":"tag-latest-news","16":"tag-latestnews","17":"tag-main-news","18":"tag-mainnews","19":"tag-mao-de-obra","20":"tag-news","21":"tag-noticias","22":"tag-noticias-principais","23":"tag-noticiasprincipais","24":"tag-portugal","25":"tag-principais-noticias","26":"tag-principaisnoticias","27":"tag-pt","28":"tag-top-stories","29":"tag-topstories","30":"tag-ultimas","31":"tag-ultimas-noticias","32":"tag-ultimasnoticias"},"share_on_mastodon":{"url":"","error":""},"_links":{"self":[{"href":"https:\/\/www.europesays.com\/pt\/wp-json\/wp\/v2\/posts\/111029","targetHints":{"allow":["GET"]}}],"collection":[{"href":"https:\/\/www.europesays.com\/pt\/wp-json\/wp\/v2\/posts"}],"about":[{"href":"https:\/\/www.europesays.com\/pt\/wp-json\/wp\/v2\/types\/post"}],"author":[{"embeddable":true,"href":"https:\/\/www.europesays.com\/pt\/wp-json\/wp\/v2\/users\/2"}],"replies":[{"embeddable":true,"href":"https:\/\/www.europesays.com\/pt\/wp-json\/wp\/v2\/comments?post=111029"}],"version-history":[{"count":0,"href":"https:\/\/www.europesays.com\/pt\/wp-json\/wp\/v2\/posts\/111029\/revisions"}],"wp:featuredmedia":[{"embeddable":true,"href":"https:\/\/www.europesays.com\/pt\/wp-json\/wp\/v2\/media\/111030"}],"wp:attachment":[{"href":"https:\/\/www.europesays.com\/pt\/wp-json\/wp\/v2\/media?parent=111029"}],"wp:term":[{"taxonomy":"category","embeddable":true,"href":"https:\/\/www.europesays.com\/pt\/wp-json\/wp\/v2\/categories?post=111029"},{"taxonomy":"post_tag","embeddable":true,"href":"https:\/\/www.europesays.com\/pt\/wp-json\/wp\/v2\/tags?post=111029"}],"curies":[{"name":"wp","href":"https:\/\/api.w.org\/{rel}","templated":true}]}}