{"id":111033,"date":"2025-10-14T21:40:08","date_gmt":"2025-10-14T21:40:08","guid":{"rendered":"https:\/\/www.europesays.com\/pt\/111033\/"},"modified":"2025-10-14T21:40:08","modified_gmt":"2025-10-14T21:40:08","slug":"a-minha-irma-tem-nove-anos-ela-ve-isto","status":"publish","type":"post","link":"https:\/\/www.europesays.com\/pt\/111033\/","title":{"rendered":"\u201cA minha irm\u00e3 tem nove anos, ela v\u00ea isto\u201d"},"content":{"rendered":"<p>Liliana imp\u00f5e limites a F\u00e1bio no Secret Story 9: \u201cA minha irm\u00e3 tem nove anos, ela v\u00ea isto\u201d, referiu a concorrente.<\/p>\n<p>Concorrente explica decis\u00e3o a F\u00e1bio dentro da casa<\/p>\n<p>Depois de terminar uma rela\u00e7\u00e3o de quatro anos com <strong>Z\u00e9<\/strong>, <strong>Liliana<\/strong> encontrou um novo amor dentro da casa do <strong>Secret Story 9<\/strong>, ao lado de <strong>F\u00e1bio<\/strong>. No entanto, a concorrente de <strong>Lousada<\/strong> fez quest\u00e3o de deixar claro que h\u00e1 <strong>limites que n\u00e3o est\u00e1 disposta a ultrapassar<\/strong> no reality show da TVI.<\/p>\n<p>Durante a noite desta segunda-feira, 13 de outubro, Liliana teve uma conversa s\u00e9ria com o companheiro e explicou o motivo pelo qual <strong>n\u00e3o quer fazer o sinal de consentimento<\/strong>, que autoriza o envolvimento sexual entre concorrentes.<\/p>\n<p><strong>\u201cSinto que ao fazer certas coisas posso-me enterrar ainda mais, percebes?\u201d<\/strong>, come\u00e7ou por admitir, revelando que a decis\u00e3o vai muito al\u00e9m do jogo.<\/p>\n<p>\u201cA minha irm\u00e3 tem nove anos, ela v\u00ea isto\u201d<\/p>\n<p>De seguida, Liliana confessou que a principal raz\u00e3o para manter essa reserva \u00e9 a sua fam\u00edlia \u2014 em especial a irm\u00e3 mais nova.<\/p>\n<p><strong>\u201cN\u00e3o pelas pessoas em geral, mas mais pela minha fam\u00edlia, porque a minha irm\u00e3 tem nove anos, ela v\u00ea isto. E eu tamb\u00e9m j\u00e1 vi isto e sei o que \u00e9 que aparece e o que \u00e9 que n\u00e3o aparece.\u201d<\/strong>, explicou, visivelmente preocupada com a imagem que poder\u00e1 transmitir fora da casa.<\/p>\n<p>A revela\u00e7\u00e3o deixou <strong>F\u00e1bio<\/strong> surpreendido, e Liliana refor\u00e7ou a sua posi\u00e7\u00e3o com um exemplo pr\u00e1tico:<br \/><strong>\u201cImagina que tu agora fazias um fixe, isso ia aparecer. Tipo \u00e9 uma mer*a! \u00c9 que tu n\u00e3o v\u00eas, mas eu vejo estes programas.\u201d<\/strong>, afirmou, convicta.<\/p>\n<p>O concorrente do Porto acabou por concordar parcialmente, reconhecendo que, mesmo sem ver o programa antes, tem no\u00e7\u00e3o da exposi\u00e7\u00e3o que este implica.<br \/><strong>\u201cSim, mas apesar de n\u00e3o ver sei mais ou menos o que se passa.\u201d<\/strong>, respondeu.<\/p>\n<p>Veja este momento <a href=\"https:\/\/tvi.iol.pt\/secretstory\/videos\/sinal-de-consentimento-recusado-fabio-reage-a-explicacao-de-liliana\/68ee34710cf29d28d828d417\" rel=\"nofollow noopener\" target=\"_blank\">AQUI<\/a>.<\/p>\n<p><a href=\"https:\/\/news.google.com\/publications\/CAAqBwgKMKfIoAswtNK4Aw\" target=\"_blank\" rel=\"noopener noreferrer nofollow\"><img loading=\"lazy\" data-lazyloaded=\"1\" width=\"481\" height=\"161\" decoding=\"async\" src=\"\/wp-content\/uploads\/2024\/02\/GN_siganos.png\" alt=\"Siga-nos no Google News\" style=\"margin-top:20px;\"\/><\/a><\/p>\n","protected":false},"excerpt":{"rendered":"Liliana imp\u00f5e limites a F\u00e1bio no Secret Story 9: \u201cA minha irm\u00e3 tem nove anos, ela v\u00ea isto\u201d,&hellip;\n","protected":false},"author":2,"featured_media":111034,"comment_status":"","ping_status":"","sticky":false,"template":"","format":"standard","meta":{"footnotes":""},"categories":[142],"tags":[2632,114,115,32,33,151],"class_list":{"0":"post-111033","1":"post","2":"type-post","3":"status-publish","4":"format-standard","5":"has-post-thumbnail","7":"category-tv","8":"tag-casa-dos-segredos","9":"tag-entertainment","10":"tag-entretenimento","11":"tag-portugal","12":"tag-pt","13":"tag-tv"},"share_on_mastodon":{"url":"","error":""},"_links":{"self":[{"href":"https:\/\/www.europesays.com\/pt\/wp-json\/wp\/v2\/posts\/111033","targetHints":{"allow":["GET"]}}],"collection":[{"href":"https:\/\/www.europesays.com\/pt\/wp-json\/wp\/v2\/posts"}],"about":[{"href":"https:\/\/www.europesays.com\/pt\/wp-json\/wp\/v2\/types\/post"}],"author":[{"embeddable":true,"href":"https:\/\/www.europesays.com\/pt\/wp-json\/wp\/v2\/users\/2"}],"replies":[{"embeddable":true,"href":"https:\/\/www.europesays.com\/pt\/wp-json\/wp\/v2\/comments?post=111033"}],"version-history":[{"count":0,"href":"https:\/\/www.europesays.com\/pt\/wp-json\/wp\/v2\/posts\/111033\/revisions"}],"wp:featuredmedia":[{"embeddable":true,"href":"https:\/\/www.europesays.com\/pt\/wp-json\/wp\/v2\/media\/111034"}],"wp:attachment":[{"href":"https:\/\/www.europesays.com\/pt\/wp-json\/wp\/v2\/media?parent=111033"}],"wp:term":[{"taxonomy":"category","embeddable":true,"href":"https:\/\/www.europesays.com\/pt\/wp-json\/wp\/v2\/categories?post=111033"},{"taxonomy":"post_tag","embeddable":true,"href":"https:\/\/www.europesays.com\/pt\/wp-json\/wp\/v2\/tags?post=111033"}],"curies":[{"name":"wp","href":"https:\/\/api.w.org\/{rel}","templated":true}]}}