{"id":111035,"date":"2025-10-14T21:41:12","date_gmt":"2025-10-14T21:41:12","guid":{"rendered":"https:\/\/www.europesays.com\/pt\/111035\/"},"modified":"2025-10-14T21:41:12","modified_gmt":"2025-10-14T21:41:12","slug":"radio-educadora-fm-dois-vizinhos-pr-13","status":"publish","type":"post","link":"https:\/\/www.europesays.com\/pt\/111035\/","title":{"rendered":"R\u00e1dio Educadora FM &#8211; Dois Vizinhos PR."},"content":{"rendered":"<p>\n                            Emanuel Barbosa, 25 anos, foi alvejado por seis disparos de arma de fogo na noite de 12 de setembro, no bairro Esperan\u00e7a                        <\/p>\n<p style=\"text-align: justify;\">Morreu na madrugada de domingo, dia 12 de outubro, no Hospital Regional, em Francisco Beltr\u00e3o, o duovizinhense Emanuel Barbosa, 25 anos. Ele estava internado na casa hospitalar desde o dia 13 de setembro. <br \/>No final da noite de 12 de setembro, Emanoel foi v\u00edtima de uma tentativa de homic\u00eddio, no bairro Esperan\u00e7a, em Dois Vizinhos. Na ocasi\u00e3o, ele foi alvejado por disparos de arma de fogo. Foi socorrido em estado grave, pelo SAMU e encaminhado ao hospital, onde n\u00e3o resistiu e veio \u00e0 \u00f3bito por volta das 02h05min deste domingo(12).<br \/>Poucos dias depois do fato, dois suspeitos de envolvimento no crime, um adolescente, de 16 anos foi internado provisoriamente e um jovem, de 21 anos, foi preso pela PCPR e PMPR. O caso segue sendo apurado pelas autoridades competentes.<br \/>Rep\u00f3rter Islan Roque\/Portal Educadora<\/p>\n","protected":false},"excerpt":{"rendered":"Emanuel Barbosa, 25 anos, foi alvejado por seis disparos de arma de fogo na noite de 12 de&hellip;\n","protected":false},"author":2,"featured_media":111036,"comment_status":"","ping_status":"","sticky":false,"template":"","format":"standard","meta":{"footnotes":""},"categories":[141],"tags":[3050,3056,3054,3055,3051,3052,114,115,1914,1915,149,150,3053,32,33,766],"class_list":{"0":"post-111035","1":"post","2":"type-post","3":"status-publish","4":"format-standard","5":"has-post-thumbnail","7":"category-musica","8":"tag-am","9":"tag-ao-vivo","10":"tag-dois-vizinhos","11":"tag-doisvizinhos","12":"tag-educadora","13":"tag-educadoradv","14":"tag-entertainment","15":"tag-entretenimento","16":"tag-fm","17":"tag-mp3","18":"tag-music","19":"tag-musica","20":"tag-player","21":"tag-portugal","22":"tag-pt","23":"tag-radio"},"share_on_mastodon":{"url":"","error":""},"_links":{"self":[{"href":"https:\/\/www.europesays.com\/pt\/wp-json\/wp\/v2\/posts\/111035","targetHints":{"allow":["GET"]}}],"collection":[{"href":"https:\/\/www.europesays.com\/pt\/wp-json\/wp\/v2\/posts"}],"about":[{"href":"https:\/\/www.europesays.com\/pt\/wp-json\/wp\/v2\/types\/post"}],"author":[{"embeddable":true,"href":"https:\/\/www.europesays.com\/pt\/wp-json\/wp\/v2\/users\/2"}],"replies":[{"embeddable":true,"href":"https:\/\/www.europesays.com\/pt\/wp-json\/wp\/v2\/comments?post=111035"}],"version-history":[{"count":0,"href":"https:\/\/www.europesays.com\/pt\/wp-json\/wp\/v2\/posts\/111035\/revisions"}],"wp:featuredmedia":[{"embeddable":true,"href":"https:\/\/www.europesays.com\/pt\/wp-json\/wp\/v2\/media\/111036"}],"wp:attachment":[{"href":"https:\/\/www.europesays.com\/pt\/wp-json\/wp\/v2\/media?parent=111035"}],"wp:term":[{"taxonomy":"category","embeddable":true,"href":"https:\/\/www.europesays.com\/pt\/wp-json\/wp\/v2\/categories?post=111035"},{"taxonomy":"post_tag","embeddable":true,"href":"https:\/\/www.europesays.com\/pt\/wp-json\/wp\/v2\/tags?post=111035"}],"curies":[{"name":"wp","href":"https:\/\/api.w.org\/{rel}","templated":true}]}}