{"id":111039,"date":"2025-10-14T21:48:12","date_gmt":"2025-10-14T21:48:12","guid":{"rendered":"https:\/\/www.europesays.com\/pt\/111039\/"},"modified":"2025-10-14T21:48:12","modified_gmt":"2025-10-14T21:48:12","slug":"trump-avisa-hamas-que-se-nao-entregar-armas-sera-desarmado-pela-forca","status":"publish","type":"post","link":"https:\/\/www.europesays.com\/pt\/111039\/","title":{"rendered":"Trump avisa Hamas que se n\u00e3o entregar armas ser\u00e1 desarmado pela for\u00e7a"},"content":{"rendered":"<p>&#8220;Se eles n\u00e3o se desarmarem, n\u00f3s desarmamo-los&#8221;, avisou o l\u00edder norte-americano em declara\u00e7\u00f5es aos jornalistas na Casa Branca, sem fornecer mais detalhes nem prazos, referindo-se apenas a um per\u00edodo &#8220;razo\u00e1vel&#8221;.<\/p>\n<p data-remotead-prev-elm=\"true\" data-remotead-elm-id=\"inread\">Trump afirmou ainda que o Hamas &#8220;ao mais alto n\u00edvel&#8221; transmitiu aos seus representantes que cumprir\u00e1 o seu compromisso de desarmamento, mas deixou a amea\u00e7a de o fazer pela for\u00e7a em caso de incumprimento.<\/p>\n<blockquote data-type=\"articles\" data-id=\"related-article-18008650\"><p>\n              <strong>Leia tamb\u00e9m <\/strong><br \/>\n              <a href=\"https:\/\/www.jn.pt\/mundo\/artigo\/hamas-anuncia-entrega-de-mais-quatro-a-seis-corpos-de-refens\/18008650\" rel=\"nofollow noopener\" target=\"_blank\">Cruz Vermelha j\u00e1 recebeu mais quatro corpos de ref\u00e9ns israelitas<\/a>\n            <\/p><\/blockquote>\n<p data-remotead-prev-elm=\"true\" data-remotead-elm-id=\"centro1\">&#8220;Como faremos isso? N\u00e3o preciso de explicar&#8221;, prosseguiu o l\u00edder dos Estados Unidos, quando falava \u00e0 imprensa na presen\u00e7a do hom\u00f3logo argentino, Javier Milei. &#8220;Eles [Hamas] sabem que n\u00e3o estou a brincar&#8221;, notou.<\/p>\n<p>Anteriormente, Donald Trump tinha instado o Hamas, atrav\u00e9s da rede Truth Social, a devolver os corpos dos ref\u00e9ns mortos mantidos na Faixa de Gaza, uma medida que considera necess\u00e1ria para avan\u00e7ar para a pr\u00f3xima fase do seu plano para o territ\u00f3rio palestiniano, e advertindo que &#8220;o trabalho n\u00e3o acabou&#8221;.<\/p>\n<p data-remotead-prev-elm=\"true\" data-remotead-elm-id=\"centro2\">Sob press\u00e3o de Israel e dos pa\u00edses mediadores para a Faixa de Gaza, Hamas indicou entretanto que vai entregar entre quatro e seis corpos de ref\u00e9ns na noite de hoje, segundo fontes do grupo palestiniano \u00e0 ag\u00eancia France-Presse (AFP), enquanto o Ex\u00e9rcito israelita anunciava que a Cruz Vermelha j\u00e1 se encaminhava para um ponto de recolha no norte do enclave.<\/p>\n<p>Donald Trump foi o principal impulsionador do acordo de cessar-fogo na Faixa de Gaza, que foi negociado ao longo de v\u00e1rios dias em Sharm el-Sheikh, no Egito, com a media\u00e7\u00e3o de delega\u00e7\u00f5es eg\u00edpcias, qataris e turcas.<\/p>\n<p data-remotead-prev-elm=\"true\" data-remotead-elm-id=\"centro3\">Nesta fase, foi acordado o cessar-fogo, a retirada gradual das for\u00e7as israelitas, a entrada em massa de ajuda humanit\u00e1ria no enclave palestiniano e a troca de ref\u00e9ns por prisioneiros.<\/p>\n<p>Na segunda-feira, o Hamas entregou 20 ref\u00e9ns vivos, mas apenas os corpos de quatro dos 28 que se presumem mortos, em troca de quase dois mil prisioneiros palestinianos, gerando acusa\u00e7\u00f5es de &#8220;viola\u00e7\u00e3o dos compromissos&#8221; por parte de Israel.<\/p>\n<p data-remotead-prev-elm=\"true\" data-remotead-elm-id=\"centro4\">Como resultado do cessar-fogo, o grupo islamita alargou a sua presen\u00e7a hoje \u00e0s zonas das quais o Ex\u00e9rcito israelita se retirou, sem esperar pela continua\u00e7\u00e3o das negocia\u00e7\u00f5es sobre o plano de 20 pontos do Presidente norte-americano.<\/p>\n<p>A fase seguinte do plano norte-americano inclui o estabelecimento de um sistema de governa\u00e7\u00e3o no territ\u00f3rio, do qual o Hamas seria exclu\u00eddo, bem como o desarmamento da sua ala militar.<\/p>\n<p data-remotead-prev-elm=\"true\" data-remotead-elm-id=\"centro5\">No s\u00e1bado, um alto dirigente do grupo palestiniano afastou \u00e0 AFP o desarmamento dos seus combatentes, frisando que essa possibilidade estava &#8220;fora de quest\u00e3o&#8221;.<\/p>\n","protected":false},"excerpt":{"rendered":"&#8220;Se eles n\u00e3o se desarmarem, n\u00f3s desarmamo-los&#8221;, avisou o l\u00edder norte-americano em declara\u00e7\u00f5es aos jornalistas na Casa Branca,&hellip;\n","protected":false},"author":2,"featured_media":111040,"comment_status":"","ping_status":"","sticky":false,"template":"","format":"standard","meta":{"footnotes":""},"categories":[50],"tags":[27,28,311,15,16,14,25,26,21,22,432,62,12,13,19,20,23,24,17,18,29,30,31,63,64,65],"class_list":{"0":"post-111039","1":"post","2":"type-post","3":"status-publish","4":"format-standard","5":"has-post-thumbnail","7":"category-mundo","8":"tag-breaking-news","9":"tag-breakingnews","10":"tag-conflito-israelo-palestiniano","11":"tag-featured-news","12":"tag-featurednews","13":"tag-headlines","14":"tag-latest-news","15":"tag-latestnews","16":"tag-main-news","17":"tag-mainnews","18":"tag-medio-oriente","19":"tag-mundo","20":"tag-news","21":"tag-noticias","22":"tag-noticias-principais","23":"tag-noticiasprincipais","24":"tag-principais-noticias","25":"tag-principaisnoticias","26":"tag-top-stories","27":"tag-topstories","28":"tag-ultimas","29":"tag-ultimas-noticias","30":"tag-ultimasnoticias","31":"tag-world","32":"tag-world-news","33":"tag-worldnews"},"share_on_mastodon":{"url":"","error":""},"_links":{"self":[{"href":"https:\/\/www.europesays.com\/pt\/wp-json\/wp\/v2\/posts\/111039","targetHints":{"allow":["GET"]}}],"collection":[{"href":"https:\/\/www.europesays.com\/pt\/wp-json\/wp\/v2\/posts"}],"about":[{"href":"https:\/\/www.europesays.com\/pt\/wp-json\/wp\/v2\/types\/post"}],"author":[{"embeddable":true,"href":"https:\/\/www.europesays.com\/pt\/wp-json\/wp\/v2\/users\/2"}],"replies":[{"embeddable":true,"href":"https:\/\/www.europesays.com\/pt\/wp-json\/wp\/v2\/comments?post=111039"}],"version-history":[{"count":0,"href":"https:\/\/www.europesays.com\/pt\/wp-json\/wp\/v2\/posts\/111039\/revisions"}],"wp:featuredmedia":[{"embeddable":true,"href":"https:\/\/www.europesays.com\/pt\/wp-json\/wp\/v2\/media\/111040"}],"wp:attachment":[{"href":"https:\/\/www.europesays.com\/pt\/wp-json\/wp\/v2\/media?parent=111039"}],"wp:term":[{"taxonomy":"category","embeddable":true,"href":"https:\/\/www.europesays.com\/pt\/wp-json\/wp\/v2\/categories?post=111039"},{"taxonomy":"post_tag","embeddable":true,"href":"https:\/\/www.europesays.com\/pt\/wp-json\/wp\/v2\/tags?post=111039"}],"curies":[{"name":"wp","href":"https:\/\/api.w.org\/{rel}","templated":true}]}}