{"id":111041,"date":"2025-10-14T21:49:30","date_gmt":"2025-10-14T21:49:30","guid":{"rendered":"https:\/\/www.europesays.com\/pt\/111041\/"},"modified":"2025-10-14T21:49:30","modified_gmt":"2025-10-14T21:49:30","slug":"voto-anulado-ao-ps-da-vitoria-ao-psd-em-vila-marim-observador","status":"publish","type":"post","link":"https:\/\/www.europesays.com\/pt\/111041\/","title":{"rendered":"Voto anulado ao PS d\u00e1 vit\u00f3ria ao PSD em Vila Marim \u2013 Observador"},"content":{"rendered":"<p>O PSD ganhou esta ter\u00e7a-feira as elei\u00e7\u00f5es na freguesia de Vila Marim, em Vila Real, ap\u00f3s a Assembleia de Apuramento Geral ter verificado que um voto nulo tinha sido contabilizado ao PS, revelou \u00e0 Lusa fonte da candidatura vencedora.<\/p>\n<p>A decis\u00e3o sobre o vencedor das elei\u00e7\u00f5es para aquela freguesia do concelho de Vila Real ficou suspensa no domingo, depois de ambas as candidaturas somarem 542 votos.<\/p>\n<p>Segundo Diogo N\u00f3brega, que encabe\u00e7ou a lista do PSD \u00e0 Assembleia de Freguesia de Vila Marim, esta ter\u00e7a-feira, feita a verifica\u00e7\u00e3o pela Assembleia de Apuramento Geral, foi detetado um voto nulo na contabilidade dos votos do PS, que acabou por ditar a vit\u00f3ria da sua candidatura.<\/p>\n<p><strong>O PS ficou, ent\u00e3o, com o registo de 541 votos, assinalou<\/strong>. Em terceiro lugar ficou o Chega, com 64 votos.<\/p>\n<p>H\u00e1 quatro anos, as 20 juntas de freguesias do concelho foram conquistadas por candidatos do PS ou apoiados pelo PS.<\/p>\n<p><strong>[Apesar da euforia em torno de Freitas, Soares recupera. O debate com Zenha ser\u00e1 decisivo. Quando acabar, nunca mais ser\u00e3o amigos.\u00a0A\u00a0<a href=\"https:\/\/observador.pt\/programas\/a-eleio-mais-louca-de-sempre\/episodio-3-ele-nao-e-meu-irmao\/\" rel=\"nofollow noopener\" target=\"_blank\">\u201cElei\u00e7\u00e3o Mais Louca de Sempre\u201d<\/a>\u00a0\u00e9 o novo Podcast Plus do Observador sobre as Presidenciais de 1986. Uma s\u00e9rie narrada pelo ator Gon\u00e7alo Waddington, com banda sonora original de Samuel \u00daria. Pode ouvir\u00a0<a href=\"https:\/\/observador.pt\/programas\/a-eleio-mais-louca-de-sempre\/episodio-3-ele-nao-e-meu-irmao\/\" target=\"_blank\" rel=\"noopener nofollow\">aqui<\/a>, no\u00a0Observador, e tamb\u00e9m na\u00a0<a href=\"https:\/\/podcasts.apple.com\/pt\/podcast\/epis%C3%B3dio-3-ele-n%C3%A3o-%C3%A9-meu-irm%C3%A3o\/id1841273464?i=1000731696598\" target=\"_blank\" rel=\"noopener nofollow\">Apple Podcasts<\/a>, no\u00a0<a href=\"https:\/\/open.spotify.com\/episode\/46BVbcvVdeR0JAPt0QqY3V?si=66ce21905d6c443c\" target=\"_blank\" rel=\"noopener nofollow\">Spotify<\/a>\u00a0e no\u00a0<a href=\"https:\/\/music.youtube.com\/watch?v=FAhQNHEr5Tc&amp;si=yiJlZG-PAvTSgxsu\" target=\"_blank\" rel=\"noopener nofollow\">Youtube Music<\/a>. E pode ouvir o primeiro epis\u00f3dio\u00a0<a href=\"https:\/\/observador.pt\/programas\/a-eleio-mais-louca-de-sempre\/estreia-a-eleicao-mais-louca-de-sempre-episodio-1-apostamos-no-cavalo-errado\/\" rel=\"nofollow noopener\" target=\"_blank\">aqui<\/a>\u00a0e o segundo\u00a0<a href=\"https:\/\/observador.pt\/programas\/a-eleio-mais-louca-de-sempre\/episodio-2-uma-traicao-inesperada\/\" rel=\"nofollow noopener\" target=\"_blank\">aqui<\/a>]<\/strong><\/p>\n<p><a href=\"https:\/\/observador.pt\/programas\/a-eleio-mais-louca-de-sempre\/episodio-3-ele-nao-e-meu-irmao\/\" rel=\"nofollow noopener\" target=\"_blank\"><\/p>\n<p>        <img src=\"https:\/\/www.europesays.com\/pt\/wp-content\/uploads\/2025\/10\/770-a-eleicao-mais-louca-de-sempre-playicon.png\" alt=\"\" loading=\"lazy\" decoding=\"async\" class=\"alignnone\" onload=\"this.parentElement.classList.remove('spinner')\" onerror=\"this.parentElement.classList.remove('spinner')\" width=\"770\" height=\"433\"\/>    <\/p>\n<p><\/a><\/p>\n<p>Ap\u00f3s esta verifica\u00e7\u00e3o desta ter\u00e7a-feira, nestas aut\u00e1rquicas, para as assembleias de freguesia o PS perdeu Gui\u00e3es, Parada de Cunhos, Constantim e Vila Marim.<\/p>\n<p>Nas elei\u00e7\u00f5es de domingo, para a C\u00e2mara Municipal, o PS conquistou quatro mandatos, o PSD dois eleitos e o Chega um.<\/p>\n<p>Alexandre Favaios foi eleito presidente da c\u00e2mara, depois de assumir o cargo em junho ap\u00f3s a sa\u00edda de Rui Santos para a Assembleia da Republica. Rui Santos foi eleito presidente da Assembleia Municipal.<\/p>\n<p>Dos 49.167 eleitores inscritos no concelho votaram 32.144 (65,38%).<\/p>\n<p>Nas elei\u00e7\u00f5es para a c\u00e2mara municipal, o PS ganhou em todas as sec\u00e7\u00f5es de voto do concelho.<\/p>\n","protected":false},"excerpt":{"rendered":"O PSD ganhou esta ter\u00e7a-feira as elei\u00e7\u00f5es na freguesia de Vila Marim, em Vila Real, ap\u00f3s a Assembleia&hellip;\n","protected":false},"author":2,"featured_media":111042,"comment_status":"","ping_status":"","sticky":false,"template":"","format":"standard","meta":{"footnotes":""},"categories":[10],"tags":[2163,27,28,1077,15,16,14,25,26,21,22,12,13,19,20,302,32,23,24,33,17,18,29,30,31],"class_list":{"0":"post-111041","1":"post","2":"type-post","3":"status-publish","4":"format-standard","5":"has-post-thumbnail","7":"category-portugal","8":"tag-autu00e1rquicas-2025","9":"tag-breaking-news","10":"tag-breakingnews","11":"tag-eleiu00e7u00f5es","12":"tag-featured-news","13":"tag-featurednews","14":"tag-headlines","15":"tag-latest-news","16":"tag-latestnews","17":"tag-main-news","18":"tag-mainnews","19":"tag-news","20":"tag-noticias","21":"tag-noticias-principais","22":"tag-noticiasprincipais","23":"tag-polu00edtica","24":"tag-portugal","25":"tag-principais-noticias","26":"tag-principaisnoticias","27":"tag-pt","28":"tag-top-stories","29":"tag-topstories","30":"tag-ultimas","31":"tag-ultimas-noticias","32":"tag-ultimasnoticias"},"share_on_mastodon":{"url":"","error":""},"_links":{"self":[{"href":"https:\/\/www.europesays.com\/pt\/wp-json\/wp\/v2\/posts\/111041","targetHints":{"allow":["GET"]}}],"collection":[{"href":"https:\/\/www.europesays.com\/pt\/wp-json\/wp\/v2\/posts"}],"about":[{"href":"https:\/\/www.europesays.com\/pt\/wp-json\/wp\/v2\/types\/post"}],"author":[{"embeddable":true,"href":"https:\/\/www.europesays.com\/pt\/wp-json\/wp\/v2\/users\/2"}],"replies":[{"embeddable":true,"href":"https:\/\/www.europesays.com\/pt\/wp-json\/wp\/v2\/comments?post=111041"}],"version-history":[{"count":0,"href":"https:\/\/www.europesays.com\/pt\/wp-json\/wp\/v2\/posts\/111041\/revisions"}],"wp:featuredmedia":[{"embeddable":true,"href":"https:\/\/www.europesays.com\/pt\/wp-json\/wp\/v2\/media\/111042"}],"wp:attachment":[{"href":"https:\/\/www.europesays.com\/pt\/wp-json\/wp\/v2\/media?parent=111041"}],"wp:term":[{"taxonomy":"category","embeddable":true,"href":"https:\/\/www.europesays.com\/pt\/wp-json\/wp\/v2\/categories?post=111041"},{"taxonomy":"post_tag","embeddable":true,"href":"https:\/\/www.europesays.com\/pt\/wp-json\/wp\/v2\/tags?post=111041"}],"curies":[{"name":"wp","href":"https:\/\/api.w.org\/{rel}","templated":true}]}}