{"id":111058,"date":"2025-10-14T22:09:33","date_gmt":"2025-10-14T22:09:33","guid":{"rendered":"https:\/\/www.europesays.com\/pt\/111058\/"},"modified":"2025-10-14T22:09:33","modified_gmt":"2025-10-14T22:09:33","slug":"mulher-filmava-os-vizinhos-sem-consentimento-e-acabou-detida-pela-gnr-escondia-um-sistema-de-vigilancia-digno-de-filme","status":"publish","type":"post","link":"https:\/\/www.europesays.com\/pt\/111058\/","title":{"rendered":"Mulher filmava os vizinhos sem consentimento e acabou detida pela GNR: escondia um sistema de vigil\u00e2ncia &#8216;digno de filme&#8217;"},"content":{"rendered":"<p><strong>Uma mulher de 50 anos foi detida no concelho de Viseu por suspeita de devassa da vida privada, depois de as autoridades confirmarem que utilizava c\u00e2maras e outros dispositivos eletr\u00f3nicos para filmar os vizinhos na via p\u00fablica. Segundo o Correio da Manh\u00e3, a deten\u00e7\u00e3o ocorreu ap\u00f3s uma den\u00fancia apresentada por moradores que desconfiavam estar a ser filmados sem autoriza\u00e7\u00e3o.<\/strong><\/p>\n<p class=\"has-medium-font-size\"><strong>C\u00e2maras ocultas e material apreendido<\/strong><\/p>\n<p>De acordo com a publica\u00e7\u00e3o, a Guarda Nacional Republicana (GNR) deslocou-se \u00e0 resid\u00eancia da suspeita na sequ\u00eancia de v\u00e1rias queixas e acabou por apreender diverso material inform\u00e1tico e eletr\u00f3nico. Entre os objetos recolhidos encontravam-se computadores port\u00e1teis, \u2018tablets\u2019, telem\u00f3veis, m\u00e1quinas fotogr\u00e1ficas e v\u00e1rias c\u00e2maras ocultas.<\/p>\n<p>A investiga\u00e7\u00e3o apurou que a mulher instalava os dispositivos de forma a captar imagens de pessoas que circulavam junto \u00e0 sua habita\u00e7\u00e3o. O objetivo ainda est\u00e1 a ser averiguado, mas as autoridades suspeitam que a recolha das imagens era feita de forma sistem\u00e1tica e sem qualquer consentimento dos visados.<\/p>\n<p class=\"has-medium-font-size\"><strong>Grava\u00e7\u00f5es ilegais sob an\u00e1lise<\/strong><\/p>\n<p>Segundo o Correio da Manh\u00e3, o material apreendido foi encaminhado para per\u00edcia t\u00e9cnica e est\u00e1 a ser analisado por peritos da GNR. As grava\u00e7\u00f5es encontradas poder\u00e3o revelar o n\u00famero de v\u00edtimas afetadas e o per\u00edodo durante o qual a mulher ter\u00e1 realizado as filmagens.<\/p>\n<p>As autoridades est\u00e3o agora a cruzar as imagens com as den\u00fancias apresentadas para perceber at\u00e9 que ponto houve invas\u00e3o de privacidade. <\/p>\n<p>Se confirmada a pr\u00e1tica, a mulher poder\u00e1 responder pelo crime de devassa da vida privada, previsto no artigo 192.\u00ba do C\u00f3digo Penal, punido com pena de pris\u00e3o at\u00e9 um ano ou multa at\u00e9 240 dias.<\/p>\n<p class=\"has-medium-font-size\"><strong>Crime de devassa da vida privada<\/strong><\/p>\n<p>Este tipo de crime abrange condutas que atentam contra a reserva da vida pessoal ou familiar, nomeadamente atrav\u00e9s de grava\u00e7\u00f5es, filmagens ou divulga\u00e7\u00e3o de imagens sem consentimento. A lei portuguesa protege o direito \u00e0 privacidade e considera ilegal qualquer registo que vise expor terceiros sem o seu conhecimento.<\/p>\n<p>De acordo com a mesma fonte, a investiga\u00e7\u00e3o n\u00e3o revelou ind\u00edcios de que as grava\u00e7\u00f5es tenham sido partilhadas ou divulgadas, mas a GNR admite n\u00e3o excluir essa possibilidade at\u00e9 \u00e0 conclus\u00e3o da an\u00e1lise forense ao conte\u00fado dos dispositivos.<\/p>\n<p class=\"has-medium-font-size\"><strong>Moradores desconfiavam h\u00e1 meses<\/strong><\/p>\n<p>Os vizinhos da suspeita ter\u00e3o come\u00e7ado a notar comportamentos estranhos h\u00e1 v\u00e1rios meses, relatando a presen\u00e7a de pequenos dispositivos nas janelas e muros da casa. <\/p>\n<p>Segundo o <a href=\"https:\/\/www.cmjornal.pt\/\" target=\"_blank\" rel=\"noreferrer noopener nofollow\">Correio da Manh\u00e3<\/a>, alguns moradores chegaram a observar luzes de grava\u00e7\u00e3o acesas durante a noite e movimentos repetidos da mulher junto \u00e0s c\u00e2maras. Foi essa situa\u00e7\u00e3o que levou \u00e0 den\u00fancia formal e, posteriormente, \u00e0 interven\u00e7\u00e3o das autoridades. O caso continua em investiga\u00e7\u00e3o, enquanto os peritos analisam o conte\u00fado recolhido.<\/p>\n<p>A recolha e grava\u00e7\u00e3o de imagens de terceiros sem consentimento, mesmo em espa\u00e7os p\u00fablicos, pode configurar crime sempre que invada a esfera privada das pessoas, recordando que o respeito pela intimidade \u00e9 um direito fundamental consagrado na Constitui\u00e7\u00e3o.<\/p>\n<p><strong>Leia tamb\u00e9m:\u00a0<a href=\"https:\/\/postal.pt\/economia\/despedido-por-faltar-ao-trabalho-durante-baixa-medica-tribunal-da-razao-ao-trabalhador-e-obrigou-empresa-a-indemniza-lo\/\" rel=\"nofollow noopener\" target=\"_blank\">Despedido por faltar ao trabalho durante baixa m\u00e9dica: tribunal d\u00e1 raz\u00e3o ao trabalhador e obrigou empresa a indemniz\u00e1-lo<\/a><\/strong><\/p>\n","protected":false},"excerpt":{"rendered":"Uma mulher de 50 anos foi detida no concelho de Viseu por suspeita de devassa da vida privada,&hellip;\n","protected":false},"author":2,"featured_media":111059,"comment_status":"","ping_status":"","sticky":false,"template":"","format":"standard","meta":{"footnotes":""},"categories":[8],"tags":[27,28,15,16,14,25,26,21,22,12,13,19,20,32,23,24,33,17,18,29,30,31],"class_list":{"0":"post-111058","1":"post","2":"type-post","3":"status-publish","4":"format-standard","5":"has-post-thumbnail","7":"category-principais-noticias","8":"tag-breaking-news","9":"tag-breakingnews","10":"tag-featured-news","11":"tag-featurednews","12":"tag-headlines","13":"tag-latest-news","14":"tag-latestnews","15":"tag-main-news","16":"tag-mainnews","17":"tag-news","18":"tag-noticias","19":"tag-noticias-principais","20":"tag-noticiasprincipais","21":"tag-portugal","22":"tag-principais-noticias","23":"tag-principaisnoticias","24":"tag-pt","25":"tag-top-stories","26":"tag-topstories","27":"tag-ultimas","28":"tag-ultimas-noticias","29":"tag-ultimasnoticias"},"share_on_mastodon":{"url":"","error":""},"_links":{"self":[{"href":"https:\/\/www.europesays.com\/pt\/wp-json\/wp\/v2\/posts\/111058","targetHints":{"allow":["GET"]}}],"collection":[{"href":"https:\/\/www.europesays.com\/pt\/wp-json\/wp\/v2\/posts"}],"about":[{"href":"https:\/\/www.europesays.com\/pt\/wp-json\/wp\/v2\/types\/post"}],"author":[{"embeddable":true,"href":"https:\/\/www.europesays.com\/pt\/wp-json\/wp\/v2\/users\/2"}],"replies":[{"embeddable":true,"href":"https:\/\/www.europesays.com\/pt\/wp-json\/wp\/v2\/comments?post=111058"}],"version-history":[{"count":0,"href":"https:\/\/www.europesays.com\/pt\/wp-json\/wp\/v2\/posts\/111058\/revisions"}],"wp:featuredmedia":[{"embeddable":true,"href":"https:\/\/www.europesays.com\/pt\/wp-json\/wp\/v2\/media\/111059"}],"wp:attachment":[{"href":"https:\/\/www.europesays.com\/pt\/wp-json\/wp\/v2\/media?parent=111058"}],"wp:term":[{"taxonomy":"category","embeddable":true,"href":"https:\/\/www.europesays.com\/pt\/wp-json\/wp\/v2\/categories?post=111058"},{"taxonomy":"post_tag","embeddable":true,"href":"https:\/\/www.europesays.com\/pt\/wp-json\/wp\/v2\/tags?post=111058"}],"curies":[{"name":"wp","href":"https:\/\/api.w.org\/{rel}","templated":true}]}}