{"id":111062,"date":"2025-10-14T22:11:10","date_gmt":"2025-10-14T22:11:10","guid":{"rendered":"https:\/\/www.europesays.com\/pt\/111062\/"},"modified":"2025-10-14T22:11:10","modified_gmt":"2025-10-14T22:11:10","slug":"fotografos-se-despedem-da-ebc-apos-45-anos-na-comunicacao-publica","status":"publish","type":"post","link":"https:\/\/www.europesays.com\/pt\/111062\/","title":{"rendered":"Fot\u00f3grafos se despedem da EBC ap\u00f3s 45 anos na comunica\u00e7\u00e3o p\u00fablica"},"content":{"rendered":"<p><strong>Dois dos mais experientes profissionais do fotojornalismo da Empresa Brasil de Comunica\u00e7\u00e3o (EBC), Antonio Cruz e Jos\u00e9 Cruz, se despediram da empresa e de seus colegas, nesta ter\u00e7a-feira (14). <\/strong>Ap\u00f3s mais de quatro d\u00e9cadas de trajet\u00f3rias marcadas pelo compromisso com a not\u00edcia, a imagem e a mem\u00f3ria do pa\u00eds, os irm\u00e3os se aposentam para dedicar mais tempo \u00e0s fam\u00edlias e aos sonhos pessoais.<img decoding=\"async\" src=\"https:\/\/www.europesays.com\/pt\/wp-content\/uploads\/2025\/10\/1760479868_851_ebc.png\" style=\"width:1px; height:1px; display:inline;\"\/><img decoding=\"async\" src=\"https:\/\/www.europesays.com\/pt\/wp-content\/uploads\/2025\/10\/1760479869_379_ebc.gif\" style=\"width:1px; height:1px; display:inline;\"\/><\/p>\n<p><strong>Ambos come\u00e7aram suas carreiras ainda na era da fotografia anal\u00f3gica, atravessaram transforma\u00e7\u00f5es tecnol\u00f3gicas, cobriram momentos hist\u00f3ricos e formaram gera\u00e7\u00f5es de novos profissionais.\u00a0<\/strong><\/p>\n<blockquote>\n<p>&#8220;Foram mais de 50 anos dedicados \u00e0 profiss\u00e3o, 45 s\u00f3 na EBC, muitas vezes me dividindo entre dois empregos, trabalhando mais de 10 horas por dia. Agora, quero desacelerar um pouco e curtir mais os meus filhos&#8221;, afirma Jos\u00e9 Cruz, que teve passagens tamb\u00e9m pela Ag\u00eancia Senado e pelos jornais O Globo e Correio Braziliense.<\/p>\n<\/blockquote>\n<p>Seu irm\u00e3o, Antonio Cruz, planeja uma aposentadoria dividida entre a Bahia e o Distrito Federal.\u00a0<\/p>\n<blockquote>\n<p>&#8220;Minha esposa \u00e9 de S\u00e3o Desid\u00e9rio (BA) e temos umas terrinhas l\u00e1. Quero criar uns animais, cuidar da terra, que \u00e9 outra coisa que me d\u00e1 muita satisfa\u00e7\u00e3o&#8221;, explica. &#8220;Vou sentir muita falta do dia a dia do jornalismo, dos amigos que fiz pelo caminho, mas agora est\u00e1 na hora de focar nessa outra paix\u00e3o&#8221;, completa Antonio, que dedicou 47 anos \u00e0 EBC.<\/p>\n<\/blockquote>\n<p>            <img decoding=\"async\" src=\"https:\/\/www.europesays.com\/pt\/wp-content\/uploads\/2025\/08\/loading_v2.gif\" data-echo=\"https:\/\/imagens.ebc.com.br\/acnMyNrMyHYuDoMFGob0TZoNglU=\/754x0\/smart\/https:\/\/agenciabrasil.ebc.com.br\/sites\/default\/files\/thumbnails\/image\/2025\/10\/14\/antonio_e_jose_cruz_0.jpg?itok=v20kjRbo\" alt=\"Bras\u00edlia (DF), 14\/10\/2025 - O presidente da EBC, Andr\u00e9 Basbaum com os irm\u00e3os fot\u00f3grafos Antonio Cruz e Jos\u00e9 Cruz. Foto: Jo\u00e9dson Alves\/Ag\u00eancia Brasil\" title=\"Jo\u00e9dson Alves\/Ag\u00eancia Brasil\"\/><\/p>\n<p>\nPresidente da EBC, Andr\u00e9 Basbaum, com os irm\u00e3os fot\u00f3grafos Antonio Cruz e Jos\u00e9 Cruz. Foto: <strong>Jo\u00e9dson Alves\/Ag\u00eancia Brasil<\/strong>\n<\/p>\n<p>Homenagens\u00a0<\/p>\n<p><strong>No \u00faltimo dia de expediente, os fot\u00f3grafos foram recebidos com homenagens e gratid\u00e3o pelo presidente da empresa, Andre Basbaum, e ganharam abra\u00e7os de despedida dos colegas.\u00a0<\/strong><\/p>\n<blockquote>\n<p>&#8220;Trabalhar com eles foi uma experi\u00eancia marcante. Profissionais dedicados, experientes e generosos, eles sempre fizeram do ambiente de trabalho um espa\u00e7o de aprendizado constante. O conv\u00edvio era leve, cheio de hist\u00f3rias, bom humor e muito companheirismo&#8221;, elogia Joedson Alves, gerente-executivo de Imagem, Arte e Web da EBC.<\/p>\n<\/blockquote>\n<p>&#8220;A trajet\u00f3ria dos dois \u00e9 fundamental para entender a evolu\u00e7\u00e3o da fotografia na <strong>EBC<\/strong>. Com olhares sens\u00edveis e precisos, ajudaram a construir parte importante da mem\u00f3ria visual do pa\u00eds, registrando momentos hist\u00f3ricos e retratando o cotidiano brasileiro com verdade e sensibilidade&#8221;, complementa Alves.<\/p>\n<p>Eles deixaram um legado de imagens que agora fazem parte do acervo hist\u00f3rico da institui\u00e7\u00e3o e que seguir\u00e3o inspirando futuras gera\u00e7\u00f5es.<\/p>\n<p><strong>&gt;&gt; Veja algumas das melhores fotos de Antonio Cruz e Jos\u00e9 Cruz:<br \/>\u00a0<\/strong><\/p>\n<p>Trajet\u00f3ria<\/p>\n<p>Antonio e Jos\u00e9 moravam em Ivol\u00e2ndia, interior de Goi\u00e1s. Nessa \u00e9poca, o irm\u00e3o mais velho, Adauto Cruz, j\u00e1 era fot\u00f3grafo em Bras\u00edlia e trabalhava no Correio Braziliense. E foi Adauto que conseguiu, ap\u00f3s algumas conversas, convencer Antonio a tentar a sorte na capital federal. O caminho, mais tarde, foi seguido por Jos\u00e9.<\/p>\n<p>Em Bras\u00edlia, as primeiras chances recebidas foram nos laborat\u00f3rios de revela\u00e7\u00e3o de fotos. Com o tempo, come\u00e7aram a receber oportunidades tamb\u00e9m empunhando a c\u00e2mera. O aprendizado veio todo a partir da pr\u00e1tica, na base da tentativa e erro.\u00a0<\/p>\n<p>Os dois irm\u00e3os ingressaram na Ag\u00eancia Nacional e viram a empresa passar por v\u00e1rias transforma\u00e7\u00f5es e nomenclaturas ao longo dos anos: Empresa Brasileira de Not\u00edcias (EBN), Radiobr\u00e1s e, por fim, EBC.\u00a0<\/p>\n","protected":false},"excerpt":{"rendered":"Dois dos mais experientes profissionais do fotojornalismo da Empresa Brasil de Comunica\u00e7\u00e3o (EBC), Antonio Cruz e Jos\u00e9 Cruz,&hellip;\n","protected":false},"author":2,"featured_media":111063,"comment_status":"","ping_status":"","sticky":false,"template":"","format":"standard","meta":{"footnotes":""},"categories":[144],"tags":[207,205,206,203,201,202,204,114,115,32,33],"class_list":{"0":"post-111062","1":"post","2":"type-post","3":"status-publish","4":"format-standard","5":"has-post-thumbnail","7":"category-arte-e-design","8":"tag-arte","9":"tag-arte-e-design","10":"tag-artedesign","11":"tag-arts","12":"tag-arts-and-design","13":"tag-artsanddesign","14":"tag-design","15":"tag-entertainment","16":"tag-entretenimento","17":"tag-portugal","18":"tag-pt"},"share_on_mastodon":{"url":"","error":""},"_links":{"self":[{"href":"https:\/\/www.europesays.com\/pt\/wp-json\/wp\/v2\/posts\/111062","targetHints":{"allow":["GET"]}}],"collection":[{"href":"https:\/\/www.europesays.com\/pt\/wp-json\/wp\/v2\/posts"}],"about":[{"href":"https:\/\/www.europesays.com\/pt\/wp-json\/wp\/v2\/types\/post"}],"author":[{"embeddable":true,"href":"https:\/\/www.europesays.com\/pt\/wp-json\/wp\/v2\/users\/2"}],"replies":[{"embeddable":true,"href":"https:\/\/www.europesays.com\/pt\/wp-json\/wp\/v2\/comments?post=111062"}],"version-history":[{"count":0,"href":"https:\/\/www.europesays.com\/pt\/wp-json\/wp\/v2\/posts\/111062\/revisions"}],"wp:featuredmedia":[{"embeddable":true,"href":"https:\/\/www.europesays.com\/pt\/wp-json\/wp\/v2\/media\/111063"}],"wp:attachment":[{"href":"https:\/\/www.europesays.com\/pt\/wp-json\/wp\/v2\/media?parent=111062"}],"wp:term":[{"taxonomy":"category","embeddable":true,"href":"https:\/\/www.europesays.com\/pt\/wp-json\/wp\/v2\/categories?post=111062"},{"taxonomy":"post_tag","embeddable":true,"href":"https:\/\/www.europesays.com\/pt\/wp-json\/wp\/v2\/tags?post=111062"}],"curies":[{"name":"wp","href":"https:\/\/api.w.org\/{rel}","templated":true}]}}