{"id":111068,"date":"2025-10-14T22:15:09","date_gmt":"2025-10-14T22:15:09","guid":{"rendered":"https:\/\/www.europesays.com\/pt\/111068\/"},"modified":"2025-10-14T22:15:09","modified_gmt":"2025-10-14T22:15:09","slug":"tessa-thompson-estrela-de-thor-chama-taika-waititi-de-um-bebe-com-uma-conta-bancaria","status":"publish","type":"post","link":"https:\/\/www.europesays.com\/pt\/111068\/","title":{"rendered":"Tessa Thompson, estrela de \u2018Thor\u2019, chama Taika Waititi de &#8220;um beb\u00ea com uma conta banc\u00e1ria&#8221;"},"content":{"rendered":"<p><strong><a href=\"https:\/\/cinepop.com.br\/tag\/tessa-thompson\/\" title=\"Tessa Thompson\" rel=\"nofollow noopener\" target=\"_blank\">Tessa Thompson<\/a><\/strong>, que interpreta Valqu\u00edria no Universo Cinematogr\u00e1fico <a href=\"https:\/\/cinepop.com.br\/tag\/marvel\/\" title=\"Marvel\" rel=\"nofollow noopener\" target=\"_blank\">Marvel<\/a> (<a href=\"https:\/\/cinepop.com.br\/tag\/mcu\/\" title=\"MCU\" rel=\"nofollow noopener\" target=\"_blank\">MCU<\/a>), falou recentemente sobre os bastidores dos filmes do<strong> \u2018Thor\u2019,<\/strong> elogiando o trabalho do cineasta <strong>Taika Waititi<\/strong> (diretor de<strong> \u2018Thor: Ragnarok\u2019<\/strong> e <strong>\u2018Thor: Amor e Trov\u00e3o\u2019<\/strong>) e seu colega de elenco, <strong><a href=\"https:\/\/cinepop.com.br\/tag\/chris-hemsworth\/\" title=\"Chris Hemsworth\" rel=\"nofollow noopener\" target=\"_blank\">Chris Hemsworth<\/a>.<\/strong><\/p>\n<p>Segundo o <a href=\"https:\/\/comicbookmovie.com\/thor\/thor-love-and-thunder\/thor-love-and-thunder-star-tessa-thompson-describes-taika-waititi-as-an-infant-with-a-bank-account-a224284\" rel=\"nofollow noopener\" target=\"_blank\">ComicBookMovie<\/a>, <strong>Thompson<\/strong> descreveu carinhosamente o diretor<strong> Taika Waititi<\/strong> como \u201cum beb\u00ea enorme, s\u00f3 que ele \u00e9 como um beb\u00ea com uma conta banc\u00e1ria\u201d.<\/p>\n<p>Al\u00e9m disso, ela elogiou o ator principal da franquia, <strong><a href=\"https:\/\/cinepop.com.br\/tag\/chris-hemsworth\/\" title=\"Chris Hemsworth\" rel=\"nofollow noopener\" target=\"_blank\">Chris Hemsworth<\/a><\/strong>, saudando-o como \u201cum beb\u00ea com m\u00fasculos, uma crian\u00e7a muito grande\u201d que n\u00e3o tem \u201cnenhuma inibi\u00e7\u00e3o\u201d e \u201cfaz qualquer coisa para fazer rir e descobrir, ent\u00e3o \u00e9 um prazer trabalhar com ele\u201d.<\/p>\n<p><strong>Thompson<\/strong> reconheceu a natureza divertida e imaginativa das filmagens:\u00a0\u201c\u00c0s vezes \u00e9 t\u00e3o bobo fazer esses filmes. O mecanismo de fazer esses filmes exige um espa\u00e7o de pura imagina\u00e7\u00e3o, sabe, onde voc\u00ea simplesmente tem que brincar como uma crian\u00e7a\u201d.<\/p>\n<p>Apesar da natureza grandiosa das produ\u00e7\u00f5es, a atriz revelou que buscava intencionalmente um papel no <a href=\"https:\/\/cinepop.com.br\/tag\/mcu\/\" title=\"MCU\" rel=\"nofollow noopener\" target=\"_blank\">MCU<\/a>:\u00a0\u201cEu realmente queria fazer um filme assim, porque n\u00e3o tenho certeza se consigo, e quero muito descobrir se consigo. E foi muito divertido. Isso realmente me libertou\u201d.<\/p>\n<p>Vale lembrar que Thor far\u00e1 seu retorno em <strong>\u2018Vingadores: Apocalipse\u2019<\/strong>, com estreia marcada para o dia <strong>18 de dezembro de 2026<\/strong>. A sequ\u00eancia, <strong>\u2018Vingadores: Guerras Secretas\u2019<\/strong>, chega aos cinemas no dia 17 de dezembro de 2027.<\/p>\n<p><img fetchpriority=\"high\" decoding=\"async\" src=\"https:\/\/www.europesays.com\/pt\/wp-content\/uploads\/2025\/08\/avengers.jpeg\" alt=\"\" width=\"1300\" height=\"731\"  \/><\/p>\n<p>Al\u00e9m de <strong><a href=\"https:\/\/cinepop.com.br\/tag\/robert-downey-jr\/\" title=\"Robert Downey Jr\" rel=\"nofollow noopener\" target=\"_blank\">Robert Downey Jr<\/a>.<\/strong> como Victor Von Doom\/Doutor Destino, o elenco contar\u00e1 com <strong><a href=\"https:\/\/cinepop.com.br\/tag\/tom-hiddleston\/\" title=\"Tom Hiddleston\" rel=\"nofollow noopener\" target=\"_blank\">Tom Hiddleston<\/a><\/strong> (Loki), <strong><a href=\"https:\/\/cinepop.com.br\/tag\/anthony-mackie\/\" title=\"Anthony Mackie\" rel=\"nofollow noopener\" target=\"_blank\">Anthony Mackie<\/a><\/strong> (Capit\u00e3o Am\u00e9rica), <strong><a href=\"https:\/\/cinepop.com.br\/tag\/sebastian-stan\/\" title=\"Sebastian Stan\" rel=\"nofollow noopener\" target=\"_blank\">Sebastian Stan<\/a><\/strong> (Soldado Invernal), <strong><a href=\"https:\/\/cinepop.com.br\/tag\/letitia-wright\/\" title=\"Letitia Wright\" rel=\"nofollow noopener\" target=\"_blank\">Letitia Wright<\/a><\/strong> (Pantera Negra), <strong><a href=\"https:\/\/cinepop.com.br\/tag\/wyatt-russell\/\" title=\"Wyatt Russell\" rel=\"nofollow noopener\" target=\"_blank\">Wyatt Russell<\/a><\/strong> (Agente Americano) <strong><a href=\"https:\/\/cinepop.com.br\/tag\/simu-liu\/\" title=\"Simu Liu\" rel=\"nofollow noopener\" target=\"_blank\">Simu Liu<\/a><\/strong> (Shang-Chi), <strong><a href=\"https:\/\/cinepop.com.br\/tag\/florence-pugh\/\" title=\"Florence Pugh\" rel=\"nofollow noopener\" target=\"_blank\">Florence Pugh<\/a><\/strong> (Yelena Belova), <strong><a href=\"https:\/\/cinepop.com.br\/tag\/danny-ramirez\/\" title=\"Danny Ramirez\" rel=\"nofollow noopener\" target=\"_blank\">Danny Ramirez<\/a><\/strong> (Falc\u00e3o), <strong><a href=\"https:\/\/cinepop.com.br\/tag\/winston-duke\/\" title=\"Winston Duke\" rel=\"nofollow noopener\" target=\"_blank\">Winston Duke<\/a><\/strong> (M\u2019Baku), <strong><a href=\"https:\/\/cinepop.com.br\/tag\/vanessa-kirby\/\" title=\"Vanessa Kirby\" rel=\"nofollow noopener\" target=\"_blank\">Vanessa Kirby<\/a><\/strong> ( Mulher Invis\u00edvel), <strong><a href=\"https:\/\/cinepop.com.br\/tag\/ebon-moss-bachrach\/\" title=\"Ebon Moss-Bachrach\" rel=\"nofollow noopener\" target=\"_blank\">Ebon Moss-Bachrach<\/a><\/strong> (Coisa), <strong><a href=\"https:\/\/cinepop.com.br\/tag\/joseph-quinn\/\" title=\"Joseph Quinn\" rel=\"nofollow noopener\" target=\"_blank\">Joseph Quinn<\/a><\/strong> (Tocha Humana), <strong><a href=\"https:\/\/cinepop.com.br\/tag\/lewis-pullman\/\" title=\"Lewis Pullman\" rel=\"nofollow noopener\" target=\"_blank\">Lewis Pullman<\/a><\/strong> (Bob), <strong><a href=\"https:\/\/cinepop.com.br\/tag\/david-harbour\/\" title=\"David Harbour\" rel=\"nofollow noopener\" target=\"_blank\">David Harbour<\/a><\/strong> (Guardi\u00e3o Vermelho), <strong><a href=\"https:\/\/cinepop.com.br\/tag\/hannah-john-kamen\/\" title=\"Hannah John-Kamen\" rel=\"nofollow noopener\" target=\"_blank\">Hannah John-Kamen<\/a><\/strong> (Fantasma), <strong><a href=\"https:\/\/cinepop.com.br\/tag\/patrick-stewart\/\" title=\"Patrick Stewart\" rel=\"nofollow noopener\" target=\"_blank\">Patrick Stewart<\/a><\/strong> (Professor Xavier),<strong> <a href=\"https:\/\/cinepop.com.br\/tag\/alan-cumming\/\" title=\"Alan Cumming\" rel=\"nofollow noopener\" target=\"_blank\">Alan Cumming<\/a> <\/strong>(Noturno),\u00a0<strong><a href=\"https:\/\/cinepop.com.br\/tag\/ian-mckellen\/\" title=\"Ian McKellen\" rel=\"nofollow noopener\" target=\"_blank\">Ian McKellen<\/a>\u00a0<\/strong>(Magneto),\u00a0<strong><a href=\"https:\/\/cinepop.com.br\/tag\/rebecca-romijn\/\" title=\"Rebecca Romijn\" rel=\"nofollow noopener\" target=\"_blank\">Rebecca Romijn<\/a><\/strong> (M\u00edstica),\u00a0<strong><a href=\"https:\/\/cinepop.com.br\/tag\/james-marsden\/\" title=\"James Marsden\" rel=\"nofollow noopener\" target=\"_blank\">James Marsden<\/a><\/strong> (Ciclope), <strong><a href=\"https:\/\/cinepop.com.br\/tag\/kelsey-grammer\/\" title=\"Kelsey Grammer\" rel=\"nofollow noopener\" target=\"_blank\">Kelsey Grammer<\/a> <\/strong>(Fera), <strong>Channing Tatum <\/strong>(Gambit), <strong><a href=\"https:\/\/cinepop.com.br\/tag\/paul-rudd\/\" title=\"Paul Rudd\" rel=\"nofollow noopener\" target=\"_blank\">Paul Rudd<\/a> <\/strong>(Homem-Formiga), <strong><a href=\"https:\/\/cinepop.com.br\/tag\/chris-hemsworth\/\" title=\"Chris Hemsworth\" rel=\"nofollow noopener\" target=\"_blank\">Chris Hemsworth<\/a><\/strong> (Thor) e\u00a0<strong>Pedro Pascal<\/strong> (Sr. Fant\u00e1stico).<\/p>\n","protected":false},"excerpt":{"rendered":"Tessa Thompson, que interpreta Valqu\u00edria no Universo Cinematogr\u00e1fico Marvel (MCU), falou recentemente sobre os bastidores dos filmes do&hellip;\n","protected":false},"author":2,"featured_media":111069,"comment_status":"","ping_status":"","sticky":false,"template":"","format":"standard","meta":{"footnotes":""},"categories":[140],"tags":[13291,13292,13293,6384,13294,13295,12726,114,115,3639,147,148,13296,9191,13297,13298,13299,13300,12730,13301,13302,13303,792,12733,11189,146,13304,4420,32,33,13305,13306,13307,13308,11190,13309,13310,2149,13312,11192],"class_list":{"0":"post-111068","1":"post","2":"type-post","3":"status-publish","4":"format-standard","5":"has-post-thumbnail","7":"category-filmes","8":"tag-alan-cumming","9":"tag-anthony-e-joe-russo","10":"tag-anthony-mackie","11":"tag-chris-hemsworth","12":"tag-danny-ramirez","13":"tag-david-harbour","14":"tag-ebon-moss-bachrach","15":"tag-entertainment","16":"tag-entretenimento","17":"tag-featured","18":"tag-film","19":"tag-filmes","20":"tag-florence-pugh","21":"tag-halle-berry","22":"tag-hannah-john-kamen","23":"tag-ian-mckellen","24":"tag-irmaos-russo","25":"tag-james-marsden","26":"tag-joseph-quinn","27":"tag-kelsey-grammer","28":"tag-letitia-wright","29":"tag-lewis-pullman","30":"tag-marvel","31":"tag-marvel-studios","32":"tag-mcu","33":"tag-movies","34":"tag-patrick-stewart","35":"tag-paul-rudd","36":"tag-portugal","37":"tag-pt","38":"tag-rebecca-romijn","39":"tag-robert-downey-jr","40":"tag-sebastian-stan","41":"tag-simu-liu","42":"tag-tessa-thompson","43":"tag-tom-hiddleston","44":"tag-universo-cinematico-marvel","45":"tag-vanessa-kirby","46":"tag-winston-duke","47":"tag-wyatt-russell"},"share_on_mastodon":{"url":"","error":""},"_links":{"self":[{"href":"https:\/\/www.europesays.com\/pt\/wp-json\/wp\/v2\/posts\/111068","targetHints":{"allow":["GET"]}}],"collection":[{"href":"https:\/\/www.europesays.com\/pt\/wp-json\/wp\/v2\/posts"}],"about":[{"href":"https:\/\/www.europesays.com\/pt\/wp-json\/wp\/v2\/types\/post"}],"author":[{"embeddable":true,"href":"https:\/\/www.europesays.com\/pt\/wp-json\/wp\/v2\/users\/2"}],"replies":[{"embeddable":true,"href":"https:\/\/www.europesays.com\/pt\/wp-json\/wp\/v2\/comments?post=111068"}],"version-history":[{"count":0,"href":"https:\/\/www.europesays.com\/pt\/wp-json\/wp\/v2\/posts\/111068\/revisions"}],"wp:featuredmedia":[{"embeddable":true,"href":"https:\/\/www.europesays.com\/pt\/wp-json\/wp\/v2\/media\/111069"}],"wp:attachment":[{"href":"https:\/\/www.europesays.com\/pt\/wp-json\/wp\/v2\/media?parent=111068"}],"wp:term":[{"taxonomy":"category","embeddable":true,"href":"https:\/\/www.europesays.com\/pt\/wp-json\/wp\/v2\/categories?post=111068"},{"taxonomy":"post_tag","embeddable":true,"href":"https:\/\/www.europesays.com\/pt\/wp-json\/wp\/v2\/tags?post=111068"}],"curies":[{"name":"wp","href":"https:\/\/api.w.org\/{rel}","templated":true}]}}