{"id":111070,"date":"2025-10-14T22:17:16","date_gmt":"2025-10-14T22:17:16","guid":{"rendered":"https:\/\/www.europesays.com\/pt\/111070\/"},"modified":"2025-10-14T22:17:16","modified_gmt":"2025-10-14T22:17:16","slug":"a-selecao-pode-ter-de-ser-goleada-para-continuar-a-sonhar-com-o-mundial-2026","status":"publish","type":"post","link":"https:\/\/www.europesays.com\/pt\/111070\/","title":{"rendered":"a sele\u00e7\u00e3o pode ter de ser goleada para continuar a sonhar com o Mundial 2026"},"content":{"rendered":"<p>&#8211; Advertisement &#8211;<\/p>\n<p>San Marino \u00e9 um dos casos curiosos na qualifica\u00e7\u00e3o europeia para o Mundial 2026. H\u00e1 uma remota possibilidade do microestado chegar \u00e0 fase final da competi\u00e7\u00e3o e para tal, pode ser necess\u00e1rio sofrer uma goleada pesada. <\/p>\n<p>San Marino terminou o grupo na Liga D da Liga das Na\u00e7\u00f5es no primeiro lugar e tem possibilidades de chegar aos playoffs da UEFA. Ainda assim, esta depende de v\u00e1rios fatores.<\/p>\n<p>A UEFA tem 16 vagas para a qualifica\u00e7\u00e3o para o Mundial 2026. 12 s\u00e3o diretas e atribu\u00eddas aos vencedores do grupo de qualifica\u00e7\u00e3o. As restantes quatro dirigem-se ao playoff que, por outro lado, tem outras 16 sele\u00e7\u00f5es a participar. <\/p>\n<p>Neste playoff participar\u00e3o 16 sele\u00e7\u00f5es: 12 segundos classificados do grupo e quatro vencedores do grupo da Liga das Na\u00e7\u00f5es, ordenadores hierarquicamente, da Liga A at\u00e9 \u00e0 Liga D. Ora, para San Marino, vencedor de um grupo na Liga D da Liga das Na\u00e7\u00f5es, estar presente neste playoff, ter\u00e1 de esperar por um cen\u00e1rio.<\/p>\n<p>Apenas tr\u00eas das quatro sele\u00e7\u00f5es com vaga nos playoffs poder\u00e3o chegar ao playoff via Liga das Na\u00e7\u00f5es para San Marino tamb\u00e9m chegar. Por estar em \u00faltimo lugar na hierarquia, San Marino precisa de esperar que pa\u00edses como Rom\u00e9nia,\u00a0Ch\u00e9quia,\u00a0Su\u00e9cia\u00a0e\u00a0Irlanda do Norte\u00a0terminem nas duas primeiras classifica\u00e7\u00f5es, n\u00e3o precisando de uma das vagas extra no playoff. <\/p>\n<p>Neste cap\u00edtulo, a Rom\u00e9nia \u00e9 a principal esperan\u00e7a de San Marino. Na luta contra a B\u00f3nsia Herzegovina pela segunda posi\u00e7\u00e3o, as duas sele\u00e7\u00f5es jogar\u00e3o a 15 de novembro um duelo decisivo que os romenos ter\u00e3o de vencer. Vencendo a Rom\u00e9nia, a \u00faltima jornada \u2013 onde San Marino defrontar\u00e1 esta sele\u00e7\u00e3o \u2013 ser\u00e1 importante.<\/p>\n<p>Caso o desfecho seja decidido na \u00faltima jornada e pela diferen\u00e7a de golos, h\u00e1 mesmo um cen\u00e1rio no qual San Marino possa ter de ser goleado para garantir uma vaga no playoff.<\/p>\n<p>Continua a acompanhar o caminho at\u00e9 ao Mundial 2026,<a href=\"https:\/\/bolanarede.pt\/especial-bola-na-rede\/atualidade\/ja-ha-22-selecoes-apuradas-para-o-mundial-2026-conhece-a-lista-atualizada\/\" target=\"_blank\" rel=\"noreferrer noopener nofollow\"> j\u00e1 com 22 sele\u00e7\u00f5es apuradas. <\/a><\/p>\n","protected":false},"excerpt":{"rendered":"&#8211; Advertisement &#8211; San Marino \u00e9 um dos casos curiosos na qualifica\u00e7\u00e3o europeia para o Mundial 2026. H\u00e1&hellip;\n","protected":false},"author":2,"featured_media":111071,"comment_status":"","ping_status":"","sticky":false,"template":"","format":"standard","meta":{"footnotes":""},"categories":[87],"tags":[260,135,478,12632,32,33,17690,26300,134],"class_list":{"0":"post-111070","1":"post","2":"type-post","3":"status-publish","4":"format-standard","5":"has-post-thumbnail","7":"category-desporto","8":"tag-atualidade","9":"tag-desporto","10":"tag-destaques-bnr","11":"tag-mundial-2026","12":"tag-portugal","13":"tag-pt","14":"tag-romenia","15":"tag-san-marino","16":"tag-sports"},"share_on_mastodon":{"url":"","error":""},"_links":{"self":[{"href":"https:\/\/www.europesays.com\/pt\/wp-json\/wp\/v2\/posts\/111070","targetHints":{"allow":["GET"]}}],"collection":[{"href":"https:\/\/www.europesays.com\/pt\/wp-json\/wp\/v2\/posts"}],"about":[{"href":"https:\/\/www.europesays.com\/pt\/wp-json\/wp\/v2\/types\/post"}],"author":[{"embeddable":true,"href":"https:\/\/www.europesays.com\/pt\/wp-json\/wp\/v2\/users\/2"}],"replies":[{"embeddable":true,"href":"https:\/\/www.europesays.com\/pt\/wp-json\/wp\/v2\/comments?post=111070"}],"version-history":[{"count":0,"href":"https:\/\/www.europesays.com\/pt\/wp-json\/wp\/v2\/posts\/111070\/revisions"}],"wp:featuredmedia":[{"embeddable":true,"href":"https:\/\/www.europesays.com\/pt\/wp-json\/wp\/v2\/media\/111071"}],"wp:attachment":[{"href":"https:\/\/www.europesays.com\/pt\/wp-json\/wp\/v2\/media?parent=111070"}],"wp:term":[{"taxonomy":"category","embeddable":true,"href":"https:\/\/www.europesays.com\/pt\/wp-json\/wp\/v2\/categories?post=111070"},{"taxonomy":"post_tag","embeddable":true,"href":"https:\/\/www.europesays.com\/pt\/wp-json\/wp\/v2\/tags?post=111070"}],"curies":[{"name":"wp","href":"https:\/\/api.w.org\/{rel}","templated":true}]}}