{"id":111074,"date":"2025-10-14T22:22:25","date_gmt":"2025-10-14T22:22:25","guid":{"rendered":"https:\/\/www.europesays.com\/pt\/111074\/"},"modified":"2025-10-14T22:22:25","modified_gmt":"2025-10-14T22:22:25","slug":"secretario-geral-da-nato-troca-da-russia-por-causa-de-submarino-coxo-no-canal-da-mancha","status":"publish","type":"post","link":"https:\/\/www.europesays.com\/pt\/111074\/","title":{"rendered":"Secret\u00e1rio-geral da NATO tro\u00e7a da R\u00fassia por causa de submarino &#8220;coxo&#8221; no Canal da Mancha"},"content":{"rendered":"<p>\n         Publicado a<br \/>\n            14\/10\/2025 &#8211; 11:08 GMT+2\n            <\/p>\n<p>          <img decoding=\"async\" class=\"c-ad__placeholder__logo\" src=\"https:\/\/static.euronews.com\/website\/images\/logos\/logo-euronews-stacked-outlined-72x72-grey-9.svg\" width=\"72\" height=\"72\" alt=\"\" loading=\"lazy\"\/><br \/>\n          PUBLICIDADE<\/p>\n<p>O secret\u00e1rio-geral da NATO, Mark Rutte, gozou com a R\u00fassia por causa de um submarino &#8220;avariado&#8221; que apareceu ao largo da costa francesa na semana passada.<\/p>\n<p>&#8220;Agora, de facto, j\u00e1 n\u00e3o h\u00e1 praticamente nenhuma presen\u00e7a naval russa no Mediterr\u00e2neo. H\u00e1 um submarino russo solit\u00e1rio e avariado que regressa a coxear da patrulha&#8221;, afirmou durante um discurso na Eslov\u00e9nia, na segunda-feira.<\/p>\n<p>A frota russa do Mar Negro negou que o submarino tenha vindo \u00e0 superf\u00edcie devido a uma avaria, afirmando que estava a cumprir as regras de navega\u00e7\u00e3o no Canal da Mancha.<\/p>\n<p>O submarino Novorossiysk estava a realizar um &#8220;tr\u00e2nsito programado entre frotas&#8221;, depois de ter cumprido tarefas no Mediterr\u00e2neo, e ter\u00e1 sofrido uma fuga de combust\u00edvel. O Minist\u00e9rio da Defesa neerland\u00eas disse que estava a ser escoltado pela marinha do pa\u00eds no Mar do Norte, no s\u00e1bado.<\/p>\n<p>&#8220;Que mudan\u00e7a em rela\u00e7\u00e3o ao romance de Tom Clancy de 1984, &#8216;Ca\u00e7a ao Outubro Vermelho&#8217;, disse Rutte durante o seu discurso. &#8220;Hoje, parece mais a ca\u00e7a ao mec\u00e2nico mais pr\u00f3ximo&#8221;.<\/p>\n<p>O Comando Mar\u00edtimo da NATO informou numa publica\u00e7\u00e3o no X na quinta-feira passada que a marinha francesa estava a observar o submarino.<\/p>\n<p>&#8220;A NATO est\u00e1 pronta para defender a nossa Alian\u00e7a com vigil\u00e2ncia constante e consci\u00eancia mar\u00edtima em todo o Atl\u00e2ntico&#8221;, escreveu.<\/p>\n<p>O avistamento do submarino segue-se a v\u00e1rios outros avistamentos no Canal da Mancha de navios alegadamente pertencentes \u00e0 chamada &#8220;frota sombra&#8221; da R\u00fassia.<\/p>\n<p>No in\u00edcio deste m\u00eas, as autoridades francesas lan\u00e7aram uma investiga\u00e7\u00e3o sobre o petroleiro Boracay, com bandeira do Benim, que estava ancorado ao largo da costa de Saint-Nazaire, no oeste de Fran\u00e7a.<\/p>\n<p>A chamada &#8220;frota sombra&#8221; \u00e9 constitu\u00edda por navios envelhecidos, de propriedade obscura e que operam sem seguros regulamentados pelo Ocidente.<\/p>\n<p>A utiliza\u00e7\u00e3o destes navios pela R\u00fassia tamb\u00e9m suscitou preocupa\u00e7\u00f5es ambientais relativamente a acidentes, dada a sua idade e a incerteza da cobertura de seguro. Uma fuga de combust\u00edvel no submarino de superf\u00edcie poderia suscitar preocupa\u00e7\u00f5es semelhantes.<\/p>\n","protected":false},"excerpt":{"rendered":"Publicado a 14\/10\/2025 &#8211; 11:08 GMT+2 PUBLICIDADE O secret\u00e1rio-geral da NATO, Mark Rutte, gozou com a R\u00fassia por&hellip;\n","protected":false},"author":2,"featured_media":111075,"comment_status":"","ping_status":"","sticky":false,"template":"","format":"standard","meta":{"footnotes":""},"categories":[50],"tags":[27,28,15,16,14,25,26,21,22,26254,62,3400,12,13,19,20,23,24,839,6323,17,18,29,30,31,63,64,65],"class_list":{"0":"post-111074","1":"post","2":"type-post","3":"status-publish","4":"format-standard","5":"has-post-thumbnail","7":"category-mundo","8":"tag-breaking-news","9":"tag-breakingnews","10":"tag-featured-news","11":"tag-featurednews","12":"tag-headlines","13":"tag-latest-news","14":"tag-latestnews","15":"tag-main-news","16":"tag-mainnews","17":"tag-mark-rutte","18":"tag-mundo","19":"tag-nato","20":"tag-news","21":"tag-noticias","22":"tag-noticias-principais","23":"tag-noticiasprincipais","24":"tag-principais-noticias","25":"tag-principaisnoticias","26":"tag-russia","27":"tag-submarino","28":"tag-top-stories","29":"tag-topstories","30":"tag-ultimas","31":"tag-ultimas-noticias","32":"tag-ultimasnoticias","33":"tag-world","34":"tag-world-news","35":"tag-worldnews"},"share_on_mastodon":{"url":"","error":""},"_links":{"self":[{"href":"https:\/\/www.europesays.com\/pt\/wp-json\/wp\/v2\/posts\/111074","targetHints":{"allow":["GET"]}}],"collection":[{"href":"https:\/\/www.europesays.com\/pt\/wp-json\/wp\/v2\/posts"}],"about":[{"href":"https:\/\/www.europesays.com\/pt\/wp-json\/wp\/v2\/types\/post"}],"author":[{"embeddable":true,"href":"https:\/\/www.europesays.com\/pt\/wp-json\/wp\/v2\/users\/2"}],"replies":[{"embeddable":true,"href":"https:\/\/www.europesays.com\/pt\/wp-json\/wp\/v2\/comments?post=111074"}],"version-history":[{"count":0,"href":"https:\/\/www.europesays.com\/pt\/wp-json\/wp\/v2\/posts\/111074\/revisions"}],"wp:featuredmedia":[{"embeddable":true,"href":"https:\/\/www.europesays.com\/pt\/wp-json\/wp\/v2\/media\/111075"}],"wp:attachment":[{"href":"https:\/\/www.europesays.com\/pt\/wp-json\/wp\/v2\/media?parent=111074"}],"wp:term":[{"taxonomy":"category","embeddable":true,"href":"https:\/\/www.europesays.com\/pt\/wp-json\/wp\/v2\/categories?post=111074"},{"taxonomy":"post_tag","embeddable":true,"href":"https:\/\/www.europesays.com\/pt\/wp-json\/wp\/v2\/tags?post=111074"}],"curies":[{"name":"wp","href":"https:\/\/api.w.org\/{rel}","templated":true}]}}