{"id":111076,"date":"2025-10-14T22:23:09","date_gmt":"2025-10-14T22:23:09","guid":{"rendered":"https:\/\/www.europesays.com\/pt\/111076\/"},"modified":"2025-10-14T22:23:09","modified_gmt":"2025-10-14T22:23:09","slug":"cdu-atenta-a-60-votos-por-contabilizar-em-sao-domingos-de-benfica","status":"publish","type":"post","link":"https:\/\/www.europesays.com\/pt\/111076\/","title":{"rendered":"CDU atenta a 60 Votos por contabilizar em S\u00e3o Domingos de Benfica"},"content":{"rendered":"<p>A CDU est\u00e1 a seguir com especial aten\u00e7\u00e3o a assembleia de apuramento geral de votos em Lisboa. <strong>Em causa, os poss\u00edveis votos nulos, por\u00e9m, os comunistas tamb\u00e9m dizem, em nota \u00e0 imprensa, que se &#8220;t\u00eam de contabilizar os 60 votos de uma freguesia que n\u00e3o chegaram a ser contados.&#8221;<\/strong><\/p>\n<p>A freguesia em quest\u00e3o \u00e9 S\u00e3o Domingos de Benfica, confirmou o DN.<\/p>\n<p>&#8220;No fim deste processo pode haver altera\u00e7\u00e3o de resultados. Tamb\u00e9m pode haver pedidos de recontagem, se houver elementos que o justifiquem&#8221;, <strong>esclarece o PCP, sem garantir, portanto, um pedido de reaprecia\u00e7\u00e3o. Ser\u00e1 necess\u00e1rio algum &#8220;fundamento&#8221;, vinca o PCP, dizendo que &#8220;a proximidade dos resultados, por si s\u00f3, n\u00e3o \u00e9 suficiente.&#8221;<\/strong><\/p>\n<p>Em causa a possibilidade de um segundo vereador de oposi\u00e7\u00e3o na C\u00e2mara. Isto porque a CDU, mantendo-se acima dos 10% na vota\u00e7\u00e3o, ficou a meros 11 votos do Chega, o que, caso fosse contrariado, lhe entregaria o terceiro lugar na elei\u00e7\u00e3o por Lisboa e o segundo vereador.<\/p>\n","protected":false},"excerpt":{"rendered":"A CDU est\u00e1 a seguir com especial aten\u00e7\u00e3o a assembleia de apuramento geral de votos em Lisboa. Em&hellip;\n","protected":false},"author":2,"featured_media":111077,"comment_status":"","ping_status":"","sticky":false,"template":"","format":"standard","meta":{"footnotes":""},"categories":[10],"tags":[2431,27,28,4861,1736,15,16,14,25,26,797,21,22,12,13,19,20,32,23,24,33,26273,17,18,29,30,31],"class_list":{"0":"post-111076","1":"post","2":"type-post","3":"status-publish","4":"format-standard","5":"has-post-thumbnail","7":"category-portugal","8":"tag-autarquicas-2025","9":"tag-breaking-news","10":"tag-breakingnews","11":"tag-cdu","12":"tag-chega","13":"tag-featured-news","14":"tag-featurednews","15":"tag-headlines","16":"tag-latest-news","17":"tag-latestnews","18":"tag-lisboa","19":"tag-main-news","20":"tag-mainnews","21":"tag-news","22":"tag-noticias","23":"tag-noticias-principais","24":"tag-noticiasprincipais","25":"tag-portugal","26":"tag-principais-noticias","27":"tag-principaisnoticias","28":"tag-pt","29":"tag-sao-domingos-de-benfica","30":"tag-top-stories","31":"tag-topstories","32":"tag-ultimas","33":"tag-ultimas-noticias","34":"tag-ultimasnoticias"},"share_on_mastodon":{"url":"","error":""},"_links":{"self":[{"href":"https:\/\/www.europesays.com\/pt\/wp-json\/wp\/v2\/posts\/111076","targetHints":{"allow":["GET"]}}],"collection":[{"href":"https:\/\/www.europesays.com\/pt\/wp-json\/wp\/v2\/posts"}],"about":[{"href":"https:\/\/www.europesays.com\/pt\/wp-json\/wp\/v2\/types\/post"}],"author":[{"embeddable":true,"href":"https:\/\/www.europesays.com\/pt\/wp-json\/wp\/v2\/users\/2"}],"replies":[{"embeddable":true,"href":"https:\/\/www.europesays.com\/pt\/wp-json\/wp\/v2\/comments?post=111076"}],"version-history":[{"count":0,"href":"https:\/\/www.europesays.com\/pt\/wp-json\/wp\/v2\/posts\/111076\/revisions"}],"wp:featuredmedia":[{"embeddable":true,"href":"https:\/\/www.europesays.com\/pt\/wp-json\/wp\/v2\/media\/111077"}],"wp:attachment":[{"href":"https:\/\/www.europesays.com\/pt\/wp-json\/wp\/v2\/media?parent=111076"}],"wp:term":[{"taxonomy":"category","embeddable":true,"href":"https:\/\/www.europesays.com\/pt\/wp-json\/wp\/v2\/categories?post=111076"},{"taxonomy":"post_tag","embeddable":true,"href":"https:\/\/www.europesays.com\/pt\/wp-json\/wp\/v2\/tags?post=111076"}],"curies":[{"name":"wp","href":"https:\/\/api.w.org\/{rel}","templated":true}]}}