{"id":111079,"date":"2025-10-14T22:28:09","date_gmt":"2025-10-14T22:28:09","guid":{"rendered":"https:\/\/www.europesays.com\/pt\/111079\/"},"modified":"2025-10-14T22:28:09","modified_gmt":"2025-10-14T22:28:09","slug":"pior-fotografia-de-sempre-trump-critica-capa-da-time-que-enaltece-o-seu-triunfo-no-medio-oriente","status":"publish","type":"post","link":"https:\/\/www.europesays.com\/pt\/111079\/","title":{"rendered":"&#8220;Pior fotografia de sempre&#8221;. Trump critica capa da TIME que enaltece o seu &#8220;triunfo&#8221; no M\u00e9dio Oriente"},"content":{"rendered":"<p>A revista TIME revelou a capa da edi\u00e7\u00e3o de novembro, em que o<strong> &#8220;triunfo&#8221; de Donald Trump nas negocia\u00e7\u00f5es para a paz no M\u00e9dio Oriente \u00e9 o grande destaque.<\/strong>\n<\/p>\n<p>S\u00f3 h\u00e1 um problema: o Presidente dos Estados Unidos da Am\u00e9rica (EUA) n\u00e3o gostou da escolha da fotografia.\n<\/p>\n<p>Tirada a partir de um \u00e2ngulo baixo, a imagem contrasta o chefe de Estado norte-americano com a luz do sol, num c\u00e9u limpo. Se a inten\u00e7\u00e3o era enaltecer a figura de Trump, parece que<strong> o pr\u00f3prio acabou por n\u00e3o ver da mesma forma.<\/strong>\n<\/p>\n<p>O Presidente dos EUA reconhece que <a href=\"https:\/\/time.com\/7325156\/trump-gaza-ceasefire-deal\/?utm_source=twitter&amp;utm_medium=social&amp;utm_campaign=editorial&amp;utm_content=131025\" target=\"_blank\" rel=\"nofollow noopener\">a reportagem da TIME &#8220;\u00e9 boa&#8221;<\/a>, mas <strong>a fotografia usada na capa &#8220;talvez seja a pior de sempre&#8221;.<\/strong> Trump queixa-se que a luz do sol fez com que o seu cabelo &#8220;desaparecesse&#8221; e a imagem tenha ficado &#8220;muito estranha&#8221;.\n<\/p>\n<p><strong>&#8220;Puseram algo a flutuar em cima da minha cabe\u00e7a que parece uma coroa extremamente pequena. Nunca gostei de tirar fotografias de \u00e2ngulos baixos, mas esta fotografia \u00e9 mesmo m\u00e1 e merece ser denunciada&#8221;,<\/strong> critica.\n<\/p>\n<p>&#8220;O que \u00e9 que eles est\u00e3o a fazer e porqu\u00ea?&#8221;, questionou, ainda, na sua conta na rede social Truth Social.\n<\/p>\n<p>A reportagem da TIME explica os bastidores das negocia\u00e7\u00f5es para alcan\u00e7ar um cessar-fogo entre Israel e Hamas.\n<\/p>\n<p>Donald Trump j\u00e1 foi capa da revista duas vezes este ano. A primeira em fevereiro, quando tomou posse, e a segunda em maio, num balan\u00e7o dos primeiros 100 dias do seu mandato.\n<\/p>\n<p>Mediadores do Egito, do Qatar e da Turquia assinaram na segunda-feira com o Presidente dos Estados Unidos, Donald Trump, <a href=\"https:\/\/rr.pt\/noticia\/mundo\/2025\/10\/13\/trump-e-mediadores-assinam-acordo-para-gaza\/443667\/\" target=\"_blank\" rel=\"nofollow noopener\">um documento sobre o acordo de cessar-fogo na Faixa de Gaza<\/a>.<\/p>\n<p>O documento foi assinado durante a cimeira internacional organizada pelo Egito no resort de Sharm El-Sheikh, no Mar Vermelho, dedicada a este acordo.\n<\/p>\n<p>A assinatura do acordo para Gaza aconteceu no dia em que foram <a href=\"https:\/\/rr.pt\/noticia\/mundo\/2025\/10\/13\/quatro-corpos-de-refens-israelitas-entregues-a-israel\/443663\/\" target=\"_blank\" rel=\"nofollow noopener\">libertados os 20 ref\u00e9ns israelitas vivos e quatro mortos<\/a>.\n<\/p>\n<p>Entre os ref\u00e9ns est\u00e3o seis pessoas com liga\u00e7\u00e3o a Portugal.<\/p>\n","protected":false},"excerpt":{"rendered":"A revista TIME revelou a capa da edi\u00e7\u00e3o de novembro, em que o &#8220;triunfo&#8221; de Donald Trump nas&hellip;\n","protected":false},"author":2,"featured_media":111080,"comment_status":"","ping_status":"","sticky":false,"template":"","format":"standard","meta":{"footnotes":""},"categories":[144],"tags":[207,205,206,203,201,202,204,114,115,32,33],"class_list":{"0":"post-111079","1":"post","2":"type-post","3":"status-publish","4":"format-standard","5":"has-post-thumbnail","7":"category-arte-e-design","8":"tag-arte","9":"tag-arte-e-design","10":"tag-artedesign","11":"tag-arts","12":"tag-arts-and-design","13":"tag-artsanddesign","14":"tag-design","15":"tag-entertainment","16":"tag-entretenimento","17":"tag-portugal","18":"tag-pt"},"share_on_mastodon":{"url":"","error":""},"_links":{"self":[{"href":"https:\/\/www.europesays.com\/pt\/wp-json\/wp\/v2\/posts\/111079","targetHints":{"allow":["GET"]}}],"collection":[{"href":"https:\/\/www.europesays.com\/pt\/wp-json\/wp\/v2\/posts"}],"about":[{"href":"https:\/\/www.europesays.com\/pt\/wp-json\/wp\/v2\/types\/post"}],"author":[{"embeddable":true,"href":"https:\/\/www.europesays.com\/pt\/wp-json\/wp\/v2\/users\/2"}],"replies":[{"embeddable":true,"href":"https:\/\/www.europesays.com\/pt\/wp-json\/wp\/v2\/comments?post=111079"}],"version-history":[{"count":0,"href":"https:\/\/www.europesays.com\/pt\/wp-json\/wp\/v2\/posts\/111079\/revisions"}],"wp:featuredmedia":[{"embeddable":true,"href":"https:\/\/www.europesays.com\/pt\/wp-json\/wp\/v2\/media\/111080"}],"wp:attachment":[{"href":"https:\/\/www.europesays.com\/pt\/wp-json\/wp\/v2\/media?parent=111079"}],"wp:term":[{"taxonomy":"category","embeddable":true,"href":"https:\/\/www.europesays.com\/pt\/wp-json\/wp\/v2\/categories?post=111079"},{"taxonomy":"post_tag","embeddable":true,"href":"https:\/\/www.europesays.com\/pt\/wp-json\/wp\/v2\/tags?post=111079"}],"curies":[{"name":"wp","href":"https:\/\/api.w.org\/{rel}","templated":true}]}}