{"id":111085,"date":"2025-10-14T22:33:09","date_gmt":"2025-10-14T22:33:09","guid":{"rendered":"https:\/\/www.europesays.com\/pt\/111085\/"},"modified":"2025-10-14T22:33:09","modified_gmt":"2025-10-14T22:33:09","slug":"fc-porto-vitor-baia-homenageia-jorge-costa-com-mensagem-sentida","status":"publish","type":"post","link":"https:\/\/www.europesays.com\/pt\/111085\/","title":{"rendered":"FC Porto: V\u00edtor Ba\u00eda homenageia Jorge Costa com mensagem sentida"},"content":{"rendered":"<p>Horas depois da homenagem p\u00f3stuma a Jorge Costa, no centro de treinos do Olival, agora rebatizado com o nome do eterno n\u00famero 2 do <a class=\"autolink-enabled\" data-resource-id=\"451\" data-resource-type=\"team\" data-sport=\"football\" href=\"https:\/\/www.abola.pt\/futebol\/fc-porto-451\" rel=\"nofollow noopener\" target=\"_blank\">FC Porto<\/a>, foi a vez de V\u00edtor Ba\u00eda recordar o antigo companheiro de equipa e amigo atrav\u00e9s de uma mensagem nas redes sociais.<\/p>\n<p>\u00abCelebr\u00e1vamos os nossos anivers\u00e1rios em dias seguidos e isso tornava-nos ainda mais pr\u00f3ximos. Este ano, contudo, a celebra\u00e7\u00e3o \u00e9 dura; faz-se antes para evocar a mem\u00f3ria daquele que \u00e9 uma das maiores e mais genu\u00ednas figuras da hist\u00f3ria do nosso clube; do Homem que pelo car\u00e1cter, valores, lideran\u00e7a e desempenho, ajudou ele pr\u00f3prio, como muito poucos, a definir o que \u00e9 verdadeiramente ser FC Porto. Foi uma Honra partilhar esta camisola contigo, meu querido Bicho\u00bb, escreveu o antigo guarda-redes dos drag\u00f5es.<\/p>\n<p>Entre FC Porto e Sele\u00e7\u00e3o Nacional, V\u00edtor Ba\u00eda e Jorge Costa realizaram mais de 200 jogos em conjunto.<\/p>\n","protected":false},"excerpt":{"rendered":"Horas depois da homenagem p\u00f3stuma a Jorge Costa, no centro de treinos do Olival, agora rebatizado com o&hellip;\n","protected":false},"author":2,"featured_media":111086,"comment_status":"","ping_status":"","sticky":false,"template":"","format":"standard","meta":{"footnotes":""},"categories":[87],"tags":[135,32,33,134],"class_list":{"0":"post-111085","1":"post","2":"type-post","3":"status-publish","4":"format-standard","5":"has-post-thumbnail","7":"category-desporto","8":"tag-desporto","9":"tag-portugal","10":"tag-pt","11":"tag-sports"},"share_on_mastodon":{"url":"","error":""},"_links":{"self":[{"href":"https:\/\/www.europesays.com\/pt\/wp-json\/wp\/v2\/posts\/111085","targetHints":{"allow":["GET"]}}],"collection":[{"href":"https:\/\/www.europesays.com\/pt\/wp-json\/wp\/v2\/posts"}],"about":[{"href":"https:\/\/www.europesays.com\/pt\/wp-json\/wp\/v2\/types\/post"}],"author":[{"embeddable":true,"href":"https:\/\/www.europesays.com\/pt\/wp-json\/wp\/v2\/users\/2"}],"replies":[{"embeddable":true,"href":"https:\/\/www.europesays.com\/pt\/wp-json\/wp\/v2\/comments?post=111085"}],"version-history":[{"count":0,"href":"https:\/\/www.europesays.com\/pt\/wp-json\/wp\/v2\/posts\/111085\/revisions"}],"wp:featuredmedia":[{"embeddable":true,"href":"https:\/\/www.europesays.com\/pt\/wp-json\/wp\/v2\/media\/111086"}],"wp:attachment":[{"href":"https:\/\/www.europesays.com\/pt\/wp-json\/wp\/v2\/media?parent=111085"}],"wp:term":[{"taxonomy":"category","embeddable":true,"href":"https:\/\/www.europesays.com\/pt\/wp-json\/wp\/v2\/categories?post=111085"},{"taxonomy":"post_tag","embeddable":true,"href":"https:\/\/www.europesays.com\/pt\/wp-json\/wp\/v2\/tags?post=111085"}],"curies":[{"name":"wp","href":"https:\/\/api.w.org\/{rel}","templated":true}]}}