{"id":111087,"date":"2025-10-14T22:38:10","date_gmt":"2025-10-14T22:38:10","guid":{"rendered":"https:\/\/www.europesays.com\/pt\/111087\/"},"modified":"2025-10-14T22:38:10","modified_gmt":"2025-10-14T22:38:10","slug":"corpos-de-refens-israel-pune-hamas-pelo-insulto-ao-judaismo-observador","status":"publish","type":"post","link":"https:\/\/www.europesays.com\/pt\/111087\/","title":{"rendered":"Corpos de ref\u00e9ns. Israel pune Hamas pelo insulto ao juda\u00edsmo \u2013 Observador"},"content":{"rendered":"<p>A quest\u00e3o da entrega de cad\u00e1veres era um ponto do acordo de paz assinado entre Israel e o Hamas que j\u00e1 n\u00e3o foi cumprido na \u00edntegra. Mas sabia-se de antem\u00e3o que seria muito complicado de se materializar, pelo menos num prazo de 72 horas. Depois da alegria desta segunda-feira, em que todos os ref\u00e9ns vivos foram libertados, existe <strong>uma profunda dece\u00e7\u00e3o<\/strong> entre alguns familiares. \u201c\u00c9 uma viola\u00e7\u00e3o grosseira do acordo pelo Hamas. \u00c9 uma injusti\u00e7a terr\u00edvel. N\u00e3o vamos desistir. Os mediadores devem for\u00e7ar os termos do acordo\u201d, l\u00ea-se num comunicado do F\u00f3rum das Fam\u00edlias de Ref\u00e9ns de Israel publicado esta ter\u00e7a-feira.<\/p>\n<p>Apesar da contesta\u00e7\u00e3o das fam\u00edlias, o acordo de paz n\u00e3o dever\u00e1 estar em risco por causa deste rev\u00e9s. No Egito, para a cimeira da paz que teve lugar em Sharm el-Sheikh, o Presidente norte-americano, Donald Trump, mostrou-se confiante de que a guerra na Faixa de Gaza acabou. Questionado diretamente sobre a quest\u00e3o dos corpos que ainda n\u00e3o foram devolvidos, o l\u00edder dos Estados Unidos afirmou ser uma \u201ctarefa horr\u00edvel\u201d. <strong>\u201cEles v\u00e3o encontrar alguns\u201d<\/strong>, garantiu, sublinhando que Israel tamb\u00e9m est\u00e1 empenhado nessa miss\u00e3o.<\/p>\n<p>S\u00e1bado, dia 10 de outubro, \u00e0s 12h (menos duas horas em Lisboa). Esta foi a hora em que as For\u00e7as de Defesa de Israel se come\u00e7aram a retirar dos pontos da Faixa de Gaza que tinham ficado acordados. Foi tamb\u00e9m a partir daquela hora que o rel\u00f3gio come\u00e7ou a contar para que o Hamas libertasse n\u00e3o s\u00f3 os ref\u00e9ns vivos, como tamb\u00e9m entregasse os corpos. \u201cO Hamas vai libertar os restos mortais dos ref\u00e9ns que tem em sua posse e daqueles que est\u00e3o nas m\u00e3os de outras fa\u00e7\u00f5es palestinianas em Gaza\u201d, estipulava o acordo, que tamb\u00e9m refere que o Hamas partilharia \u201ctoda a informa\u00e7\u00e3o sobre os restos mortais\u201d com os mediadores.<\/p>\n","protected":false},"excerpt":{"rendered":"A quest\u00e3o da entrega de cad\u00e1veres era um ponto do acordo de paz assinado entre Israel e o&hellip;\n","protected":false},"author":2,"featured_media":111088,"comment_status":"","ping_status":"","sticky":false,"template":"","format":"standard","meta":{"footnotes":""},"categories":[50],"tags":[27,28,311,15,16,255,14,259,25,26,21,22,310,62,12,13,19,20,431,23,24,17,18,29,30,31,63,64,65],"class_list":{"0":"post-111087","1":"post","2":"type-post","3":"status-publish","4":"format-standard","5":"has-post-thumbnail","7":"category-mundo","8":"tag-breaking-news","9":"tag-breakingnews","10":"tag-conflito-israelo-palestiniano","11":"tag-featured-news","12":"tag-featurednews","13":"tag-hamas","14":"tag-headlines","15":"tag-israel","16":"tag-latest-news","17":"tag-latestnews","18":"tag-main-news","19":"tag-mainnews","20":"tag-mu00e9dio-oriente","21":"tag-mundo","22":"tag-news","23":"tag-noticias","24":"tag-noticias-principais","25":"tag-noticiasprincipais","26":"tag-palestina","27":"tag-principais-noticias","28":"tag-principaisnoticias","29":"tag-top-stories","30":"tag-topstories","31":"tag-ultimas","32":"tag-ultimas-noticias","33":"tag-ultimasnoticias","34":"tag-world","35":"tag-world-news","36":"tag-worldnews"},"share_on_mastodon":{"url":"","error":""},"_links":{"self":[{"href":"https:\/\/www.europesays.com\/pt\/wp-json\/wp\/v2\/posts\/111087","targetHints":{"allow":["GET"]}}],"collection":[{"href":"https:\/\/www.europesays.com\/pt\/wp-json\/wp\/v2\/posts"}],"about":[{"href":"https:\/\/www.europesays.com\/pt\/wp-json\/wp\/v2\/types\/post"}],"author":[{"embeddable":true,"href":"https:\/\/www.europesays.com\/pt\/wp-json\/wp\/v2\/users\/2"}],"replies":[{"embeddable":true,"href":"https:\/\/www.europesays.com\/pt\/wp-json\/wp\/v2\/comments?post=111087"}],"version-history":[{"count":0,"href":"https:\/\/www.europesays.com\/pt\/wp-json\/wp\/v2\/posts\/111087\/revisions"}],"wp:featuredmedia":[{"embeddable":true,"href":"https:\/\/www.europesays.com\/pt\/wp-json\/wp\/v2\/media\/111088"}],"wp:attachment":[{"href":"https:\/\/www.europesays.com\/pt\/wp-json\/wp\/v2\/media?parent=111087"}],"wp:term":[{"taxonomy":"category","embeddable":true,"href":"https:\/\/www.europesays.com\/pt\/wp-json\/wp\/v2\/categories?post=111087"},{"taxonomy":"post_tag","embeddable":true,"href":"https:\/\/www.europesays.com\/pt\/wp-json\/wp\/v2\/tags?post=111087"}],"curies":[{"name":"wp","href":"https:\/\/api.w.org\/{rel}","templated":true}]}}