{"id":111089,"date":"2025-10-14T22:39:07","date_gmt":"2025-10-14T22:39:07","guid":{"rendered":"https:\/\/www.europesays.com\/pt\/111089\/"},"modified":"2025-10-14T22:39:07","modified_gmt":"2025-10-14T22:39:07","slug":"rangel-vai-ser-ouvido-no-parlamento-sobre-passagem-de-cacas-dos-eua-com-destino-a-israel","status":"publish","type":"post","link":"https:\/\/www.europesays.com\/pt\/111089\/","title":{"rendered":"Rangel vai ser ouvido no Parlamento sobre passagem de ca\u00e7as dos EUA com destino a Israel"},"content":{"rendered":"<p><strong>O chefe da diplomacia portuguesa, Paulo Rangel, vai ser ouvido no Parlamento, a pedido do PS, sobre a passagem, pela base das Lajes, nos A\u00e7ores, de <\/strong><a href=\"https:\/\/sicnoticias.pt\/pais\/2025-10-02-governo-confirma-sobrevoo-de-tres-aeronaves-americanas-para-entrega-a-israel-e-assume-falhas-processuais-72fa1867?utm_source=sicnot&amp;utm_medium=search&amp;utm_campaign=WEB&amp;utm_content=\/pais\/2025-10-02-governo-confirma-sobrevoo-de-tres-aeronaves-americanas-para-entrega-a-israel-e-assume-falhas-processuais-72fa1867\" target=\"_blank\" rel=\"noreferrer noopener nofollow\">ca\u00e7as F-35 norte-americanos com destino a Israel.<\/a><\/p>\n<p>No mesmo dia em que o <a href=\"https:\/\/sicnoticias.pt\/pais\/2025-10-14-parlamento-chumba-audicao-de-nuno-melo-sobre-escala-de-cacas-f-35-nas-lajes-88aece77\" target=\"_blank\" rel=\"noreferrer noopener nofollow\">Parlamento chumbou os pedidos de audi\u00e7\u00e3o urgente<\/a> do ministro da Defesa Nacional, Nuno Melo, requeridos pelo PS e PCP, a comiss\u00e3o parlamentar de Neg\u00f3cios Estrangeiros e Comunidades Portuguesas aprovou, gra\u00e7as aos votos favor\u00e1veis de PS, PSD e Iniciativa Liberal, uma audi\u00e7\u00e3o a Paulo Rangel. <\/p>\n<p>O <strong>Chega votou contra os dois requerimentos<\/strong> e <strong>PSD e CDS-PP, partidos que suportam o Governo no Parlamento, votaram contra<\/strong> o requerimento dos comunistas e abstiveram-se no dos socialistas.<\/p>\n<p>Bloco de Esquerda e PCP &#8211; que n\u00e3o t\u00eam assento permanente na segunda comiss\u00e3o &#8211; tamb\u00e9m apresentaram requerimentos com o mesmo objetivo, mas que <strong>n\u00e3o foram votados por n\u00e3o terem comparecido deputados dessas bancadas na reuni\u00e3o desta ter\u00e7a-feira.<\/strong><\/p>\n<p>Aeronaves norte-americanos passaram pelas Lajes em abril<\/p>\n<p>Em causa est\u00e1 uma escala na Base das Lajes, situada no arquip\u00e9lago dos A\u00e7ores, de tr\u00eas aeronaves F-35, em abril, que foram vendidas pelos Estados Unidos da Am\u00e9rica a Israel, que <strong>ter\u00e1 sido feita sem comunica\u00e7\u00e3o pr\u00e9via a Paulo Rangel<\/strong>, &#8211; uma &#8220;falha de procedimento&#8221; cujas responsabilidades o Minist\u00e9rio dos Neg\u00f3cios Estrangeiros (MNE) disse querer apurar.<\/p>\n<p>O <strong>Governo portugu\u00eas decretou um embargo \u00e0 venda e tr\u00e2nsito de armas com destino a Israel<\/strong>, no contexto da ofensiva israelita na Faixa de Gaza.<\/p>\n<p>Uma entidade dependente do Minist\u00e9rio da Defesa, a <a href=\"https:\/\/www.aan.pt\/\" target=\"_blank\" rel=\"noreferrer noopener nofollow\">Autoridade Aeron\u00e1utica Nacional<\/a>, deu uma autoriza\u00e7\u00e3o pr\u00e9via, mas os Neg\u00f3cios Estrangeiros esclareceram que se <strong>tratou &#8220;exclusivamente de uma falha interna de comunica\u00e7\u00e3o no \u00e2mbito&#8221; da tutela de Paulo Rangel.<\/strong><\/p>\n<p>O caso gerou pol\u00e9mica, com os partidos da esquerda a reclamarem a ida do ministro Paulo Rangel, e tamb\u00e9m do titular da Defesa Nacional, Nuno Melo, ao Parlamento para prestar esclarecimentos.<\/p>\n<p>O secret\u00e1rio-geral do PS, <strong>Jos\u00e9 Lu\u00eds Carneiro, considerou graves as declara\u00e7\u00f5es de Paulo Rangel a assumir n\u00e3o ter sido previamente informado da opera\u00e7\u00e3o a\u00e9rea.<\/strong><\/p>\n<p>Montenegro fala em &#8220;erro processual&#8221;<\/p>\n<p>O caso foi noticiado em plena campanha eleitoral para as aut\u00e1rquicas, no in\u00edcio deste m\u00eas, tendo o <strong>primeiro-ministro lamentado que <\/strong><a href=\"https:\/\/sicnoticias.pt\/especiais\/governo\/2025-10-03-video-escala-nas-lajes-de-cacas-para-israel-montenegro-lamenta-erro-processual-mas-recusa-demitir-ministro-d0551126\" target=\"_blank\" rel=\"noreferrer noopener nofollow\">tenha havido &#8220;um erro processual&#8221;<\/a>. Contudo, Lu\u00eds Montenegro recusou qualquer demiss\u00e3o no Executivo por esta raz\u00e3o.<\/p>\n<p>A Base A\u00e9rea das Lajes, situada no arquip\u00e9lago dos A\u00e7ores, \u00e9 utilizada militarmente pelos Estados Unidos da Am\u00e9rica, no \u00e2mbito de um acordo de coopera\u00e7\u00e3o bilateral.<\/p>\n<p>Com Lusa<\/p>\n","protected":false},"excerpt":{"rendered":"O chefe da diplomacia portuguesa, Paulo Rangel, vai ser ouvido no Parlamento, a pedido do PS, sobre a&hellip;\n","protected":false},"author":2,"featured_media":111090,"comment_status":"","ping_status":"","sticky":false,"template":"","format":"standard","meta":{"footnotes":""},"categories":[10],"tags":[27,28,15,16,14,25,26,21,22,12,13,19,20,32,23,24,33,17,18,29,30,31],"class_list":{"0":"post-111089","1":"post","2":"type-post","3":"status-publish","4":"format-standard","5":"has-post-thumbnail","7":"category-portugal","8":"tag-breaking-news","9":"tag-breakingnews","10":"tag-featured-news","11":"tag-featurednews","12":"tag-headlines","13":"tag-latest-news","14":"tag-latestnews","15":"tag-main-news","16":"tag-mainnews","17":"tag-news","18":"tag-noticias","19":"tag-noticias-principais","20":"tag-noticiasprincipais","21":"tag-portugal","22":"tag-principais-noticias","23":"tag-principaisnoticias","24":"tag-pt","25":"tag-top-stories","26":"tag-topstories","27":"tag-ultimas","28":"tag-ultimas-noticias","29":"tag-ultimasnoticias"},"share_on_mastodon":{"url":"","error":""},"_links":{"self":[{"href":"https:\/\/www.europesays.com\/pt\/wp-json\/wp\/v2\/posts\/111089","targetHints":{"allow":["GET"]}}],"collection":[{"href":"https:\/\/www.europesays.com\/pt\/wp-json\/wp\/v2\/posts"}],"about":[{"href":"https:\/\/www.europesays.com\/pt\/wp-json\/wp\/v2\/types\/post"}],"author":[{"embeddable":true,"href":"https:\/\/www.europesays.com\/pt\/wp-json\/wp\/v2\/users\/2"}],"replies":[{"embeddable":true,"href":"https:\/\/www.europesays.com\/pt\/wp-json\/wp\/v2\/comments?post=111089"}],"version-history":[{"count":0,"href":"https:\/\/www.europesays.com\/pt\/wp-json\/wp\/v2\/posts\/111089\/revisions"}],"wp:featuredmedia":[{"embeddable":true,"href":"https:\/\/www.europesays.com\/pt\/wp-json\/wp\/v2\/media\/111090"}],"wp:attachment":[{"href":"https:\/\/www.europesays.com\/pt\/wp-json\/wp\/v2\/media?parent=111089"}],"wp:term":[{"taxonomy":"category","embeddable":true,"href":"https:\/\/www.europesays.com\/pt\/wp-json\/wp\/v2\/categories?post=111089"},{"taxonomy":"post_tag","embeddable":true,"href":"https:\/\/www.europesays.com\/pt\/wp-json\/wp\/v2\/tags?post=111089"}],"curies":[{"name":"wp","href":"https:\/\/api.w.org\/{rel}","templated":true}]}}