{"id":111091,"date":"2025-10-14T22:41:08","date_gmt":"2025-10-14T22:41:08","guid":{"rendered":"https:\/\/www.europesays.com\/pt\/111091\/"},"modified":"2025-10-14T22:41:08","modified_gmt":"2025-10-14T22:41:08","slug":"medico-de-val-marchiori-explica-qual-a-chance-dela-se-curar-do-cancer","status":"publish","type":"post","link":"https:\/\/www.europesays.com\/pt\/111091\/","title":{"rendered":"M\u00e9dico de Val Marchiori explica qual a chance dela se curar do c\u00e2ncer"},"content":{"rendered":"<p>Nesta ter\u00e7a-feira (14), o m\u00e9dico de Val Marchiori afirmou que suas expectativas est\u00e3o altas quanto \u00e0 cura da socialite. A empres\u00e1ria, que foi diagnosticada com c\u00e2ncer de mama recentemente, passou por uma cirurgia para a coloca\u00e7\u00e3o de um cateter que ficar\u00e1 em seu corpo durante seis meses, todo o per\u00edodo de tratamento contra a doen\u00e7a.<\/p>\n<p>continua depois da publicidade<\/p>\n<p>No Instagram, a famosa revelou que a opera\u00e7\u00e3o correu conforme o esperado e pediu para que o doutor Fernando Maluf falasse um pouco sobre os pr\u00f3ximos passos. &#8220;Doutor Fernando Maluf est\u00e1 aqui, j\u00e1 sa\u00ed da cirurgia, veio me ver, n\u00e9, doutor? Doutor \u00e9 um ser humano incr\u00edvel, gente&#8221;, elogiou ela.<\/p>\n<p>+\u00a0<a href=\"https:\/\/natelinha.uol.com.br\/natelona\/2025\/10\/14\/caramelo-como-filme-nacional-movimenta-adocao-no-brasil-e-virou-hit-mundial-232640.php\" rel=\"nofollow noopener\" target=\"_blank\">Caramelo: como filme nacional movimenta ado\u00e7\u00e3o no Brasil e virou hit mundial<\/a><\/p>\n<p>+\u00a0<a href=\"https:\/\/natelinha.uol.com.br\/televisao\/2025\/10\/14\/band-promove-danca-das-cadeiras-e-muda-comando-de-programas-confira-232639.php\" rel=\"nofollow noopener\" target=\"_blank\">Band promove dan\u00e7a das cadeiras e muda comando de programas; confira<\/a><\/p>\n<p>&#8220;Obrigado, Val. A gente est\u00e1 come\u00e7ando agora a segunda parte do tratamento depois da cirurgia. O tratamento \u00e9 preventivo e ele vai envolver algumas etapas no tratamento quimioter\u00e1pico, que a Val vai muito bem, tenho certeza. Depois temos a radioterapia e as drogas antirruginais&#8221;, detalhou o m\u00e9dico.<\/p>\n<p>continua depois da publicidade<\/p>\n<p>O especialista acrescentou: &#8220;Esses tratamentos, outra vez, v\u00e3o sempre, sempre ter a miss\u00e3o de, al\u00e9m da cirurgia, proteg\u00ea-la mais ainda, para que a gente mantenha a chance de cura dela muito alta. Isso que \u00e9 o que a gente espera para todas as pacientes com c\u00e2ncer de mama&#8221;.<\/p>\n<p><a href=\"https:\/\/natelinha.uol.com.br\/famosos\/tudo-sobre\/val-marchiori\" rel=\"nofollow noopener\" target=\"_blank\">Val Marchiori<\/a> chegou a se emocionar com as palavras de Maluf: &#8220;Se Deus quiser, doutor Fernando Maluf est\u00e1 sempre viajando, se atualizando, trazendo o que tem de melhor para a gente, n\u00e9? Para a gente passar por isso de uma forma mais segura e mais assertiva, n\u00e9? Eu sou muito grata por voc\u00ea, de verdade, toda a sua equipe, estou muito confiante a\u00ed&#8221;.<\/p>\n<p>continua depois da publicidade<\/p>\n<p>O tratamento de Val Marchiori<\/p>\n<p>O plano de tratamento de Val Marchiori, inicialmente, prev\u00ea seis sess\u00f5es de quimioterapia e cada uma ter\u00e1 a dura\u00e7\u00e3o de cinco horas. Elas ser\u00e3o realizadas a cada tr\u00eas semanas. Ap\u00f3s concluir essa etapa, a socialite iniciar\u00e1 as sess\u00f5es de radioterapia e deve fazer 15 aplica\u00e7\u00f5es.<\/p>\n<p>&#8220;A princ\u00edpio ser\u00e3o seis sess\u00f5es, se meu corpo aguentar. S\u00e3o cinco horas fazendo cada uma, uma a cada tr\u00eas semanas. Depois que eu acabar, a\u00ed eu come\u00e7o as minhas sess\u00f5es de r\u00e1dio, a princ\u00edpio s\u00e3o 15, mas pode ser mais, mas tudo depende de como o meu corpo vai reagir ao tratamento&#8221;, esclareceu a loira.<\/p>\n<p>continua depois da publicidade<\/p>\n<p>A empres\u00e1ria tem usado as redes sociais para compartilhar com os f\u00e3s sua batalha contra o c\u00e2ncer. No \u00faltimo s\u00e1bado (11), ela chorou enquanto cortava o cabelo. &#8220;Muitas noites eu me pego chorando, tenho crise de ansiedade, crise de medo. <a href=\"https:\/\/natelinha.uol.com.br\/famosos\/2025\/10\/13\/val-marchiori-desabafa-sobre-inicio-da-quimioterapia-e-dificil-232576.php\" rel=\"nofollow noopener\" target=\"_blank\">\u00c9 dif\u00edcil. Falar que \u00e9 f\u00e1cil&#8230; N\u00e3o \u00e9<\/a>&#8220;, pontuou, em entrevista \u00e0 Quem.<\/p>\n<blockquote class=\"instagram-media\" data-instgrm-captioned=\"\" data-instgrm-version=\"7\" style=\"width:100%;\"><p>\n\t\t\t\t\t\t\t\t\t<a href=\"https:\/\/www.instagram.com\/p\/DPsFJKskc-_\/\" rel=\"nofollow noopener\" target=\"_blank\">\n\t\t\t\t\t\t\t\t<\/p><\/blockquote>\n<p>                    <script async src=\"\/\/www.instagram.com\/embed.js\"><\/script><\/p>\n","protected":false},"excerpt":{"rendered":"Nesta ter\u00e7a-feira (14), o m\u00e9dico de Val Marchiori afirmou que suas expectativas est\u00e3o altas quanto \u00e0 cura da&hellip;\n","protected":false},"author":2,"featured_media":111092,"comment_status":"","ping_status":"","sticky":false,"template":"","format":"standard","meta":{"footnotes":""},"categories":[145],"tags":[211,210,114,115,32,33,14403],"class_list":{"0":"post-111091","1":"post","2":"type-post","3":"status-publish","4":"format-standard","5":"has-post-thumbnail","7":"category-celebridades","8":"tag-celebridades","9":"tag-celebrities","10":"tag-entertainment","11":"tag-entretenimento","12":"tag-portugal","13":"tag-pt","14":"tag-val-marchiori"},"share_on_mastodon":{"url":"","error":""},"_links":{"self":[{"href":"https:\/\/www.europesays.com\/pt\/wp-json\/wp\/v2\/posts\/111091","targetHints":{"allow":["GET"]}}],"collection":[{"href":"https:\/\/www.europesays.com\/pt\/wp-json\/wp\/v2\/posts"}],"about":[{"href":"https:\/\/www.europesays.com\/pt\/wp-json\/wp\/v2\/types\/post"}],"author":[{"embeddable":true,"href":"https:\/\/www.europesays.com\/pt\/wp-json\/wp\/v2\/users\/2"}],"replies":[{"embeddable":true,"href":"https:\/\/www.europesays.com\/pt\/wp-json\/wp\/v2\/comments?post=111091"}],"version-history":[{"count":0,"href":"https:\/\/www.europesays.com\/pt\/wp-json\/wp\/v2\/posts\/111091\/revisions"}],"wp:featuredmedia":[{"embeddable":true,"href":"https:\/\/www.europesays.com\/pt\/wp-json\/wp\/v2\/media\/111092"}],"wp:attachment":[{"href":"https:\/\/www.europesays.com\/pt\/wp-json\/wp\/v2\/media?parent=111091"}],"wp:term":[{"taxonomy":"category","embeddable":true,"href":"https:\/\/www.europesays.com\/pt\/wp-json\/wp\/v2\/categories?post=111091"},{"taxonomy":"post_tag","embeddable":true,"href":"https:\/\/www.europesays.com\/pt\/wp-json\/wp\/v2\/tags?post=111091"}],"curies":[{"name":"wp","href":"https:\/\/api.w.org\/{rel}","templated":true}]}}