{"id":111093,"date":"2025-10-14T22:43:14","date_gmt":"2025-10-14T22:43:14","guid":{"rendered":"https:\/\/www.europesays.com\/pt\/111093\/"},"modified":"2025-10-14T22:43:14","modified_gmt":"2025-10-14T22:43:14","slug":"convenio-com-jurua-editora-oferece-30-de-desconto-em-5-900-livros-2","status":"publish","type":"post","link":"https:\/\/www.europesays.com\/pt\/111093\/","title":{"rendered":"Conv\u00eanio com Juru\u00e1 Editora oferece 30% de desconto em 5.900 livros"},"content":{"rendered":"<p><img loading=\"lazy\" decoding=\"async\" width=\"1024\" height=\"576\" src=\"https:\/\/www.europesays.com\/pt\/wp-content\/uploads\/2025\/10\/image-11-1024x576.png\" alt=\"\" class=\"wp-image-136093\"  \/><\/p>\n<p>Os associados da AMAERJ t\u00eam um benef\u00edcio exclusivo junto \u00e0 Juru\u00e1 Editora, que concede desconto de 30% na aquisi\u00e7\u00e3o de 5.900 obras jur\u00eddicas. A parceria contempla, ainda, condi\u00e7\u00f5es diferenciadas para magistrados que desejem publicar seus livros, incentivando a produ\u00e7\u00e3o e a dissemina\u00e7\u00e3o do conhecimento jur\u00eddico.<\/p>\n<p>O desconto pode ser utilizado apenas no site da Juru\u00e1 Editora (<a rel=\"noreferrer noopener nofollow\" href=\"http:\/\/www.jurua.com.br\/\" target=\"_blank\">www.jurua.com.br<\/a>). Para garantir o benef\u00edcio, o magistrado deve inserir o c\u00f3digo promocional <strong>AMAERJ18<\/strong>. O benef\u00edcio n\u00e3o pode ser combinado com outras promo\u00e7\u00f5es ou ofertas.<\/p>\n<p>Para publicar uma obra pela editora os interessados devem entrar em contato atrav\u00e9s do e-mail <strong><a href=\"https:\/\/amaerj.org.br\/noticias\/convenio-com-jurua-editora-oferece-30-de-desconto-em-5-900-livros\/mailto:publiqueconosco@jurua.com.br\" rel=\"nofollow noopener\" target=\"_blank\">publiqueconosco@jurua.com.br<\/a><\/strong>.<\/p>\n<p><a href=\"www.jurua.com.br\" target=\"_blank\" rel=\"noreferrer noopener\"><img decoding=\"async\" loading=\"lazy\" width=\"1024\" height=\"1024\" src=\"https:\/\/www.europesays.com\/pt\/wp-content\/uploads\/2025\/10\/1760481794_106_JURUA-30-1024x1024.png\" alt=\"\" class=\"wp-image-136090\"  \/><\/a><\/p>\n<p><strong>Leia tamb\u00e9m:\u00a0<a rel=\"noreferrer noopener nofollow\" href=\"https:\/\/amaerj.org.br\/noticias\/tre-rj-tem-novos-integrantes-eleitos-pelo-tribunal-pleno-do-tj\/\" target=\"_blank\">Magistrados do TJ-RJ s\u00e3o eleitos para o Tribunal Regional Eleitoral<\/a><br \/><a rel=\"noreferrer noopener nofollow\" href=\"https:\/\/amaerj.org.br\/noticias\/juristur-recebe-participantes-do-projeto-justica-cidada-de-barra-mansa\/\" target=\"_blank\">Juristur recebe participantes do projeto \u2018Justi\u00e7a Cidad\u00e3\u2019 de Barra Mansa<\/a><\/strong><br \/><a href=\"https:\/\/amaerj.org.br\/noticias\/associados-da-amaerj-tem-desconto-em-curso-na-europa-sobre-direito-de-familia\/\" rel=\"nofollow noopener\" target=\"_blank\"><strong>Associados da AMAERJ t\u00eam desconto em curso na Europa sobre Direito de Fam\u00edlia<\/strong><\/a><\/p>\n","protected":false},"excerpt":{"rendered":"Os associados da AMAERJ t\u00eam um benef\u00edcio exclusivo junto \u00e0 Juru\u00e1 Editora, que concede desconto de 30% na&hellip;\n","protected":false},"author":2,"featured_media":111065,"comment_status":"","ping_status":"","sticky":false,"template":"","format":"standard","meta":{"footnotes":""},"categories":[143],"tags":[169,114,115,170,32,33],"class_list":{"0":"post-111093","1":"post","2":"type-post","3":"status-publish","4":"format-standard","5":"has-post-thumbnail","7":"category-livros","8":"tag-books","9":"tag-entertainment","10":"tag-entretenimento","11":"tag-livros","12":"tag-portugal","13":"tag-pt"},"share_on_mastodon":{"url":"","error":""},"_links":{"self":[{"href":"https:\/\/www.europesays.com\/pt\/wp-json\/wp\/v2\/posts\/111093","targetHints":{"allow":["GET"]}}],"collection":[{"href":"https:\/\/www.europesays.com\/pt\/wp-json\/wp\/v2\/posts"}],"about":[{"href":"https:\/\/www.europesays.com\/pt\/wp-json\/wp\/v2\/types\/post"}],"author":[{"embeddable":true,"href":"https:\/\/www.europesays.com\/pt\/wp-json\/wp\/v2\/users\/2"}],"replies":[{"embeddable":true,"href":"https:\/\/www.europesays.com\/pt\/wp-json\/wp\/v2\/comments?post=111093"}],"version-history":[{"count":0,"href":"https:\/\/www.europesays.com\/pt\/wp-json\/wp\/v2\/posts\/111093\/revisions"}],"wp:featuredmedia":[{"embeddable":true,"href":"https:\/\/www.europesays.com\/pt\/wp-json\/wp\/v2\/media\/111065"}],"wp:attachment":[{"href":"https:\/\/www.europesays.com\/pt\/wp-json\/wp\/v2\/media?parent=111093"}],"wp:term":[{"taxonomy":"category","embeddable":true,"href":"https:\/\/www.europesays.com\/pt\/wp-json\/wp\/v2\/categories?post=111093"},{"taxonomy":"post_tag","embeddable":true,"href":"https:\/\/www.europesays.com\/pt\/wp-json\/wp\/v2\/tags?post=111093"}],"curies":[{"name":"wp","href":"https:\/\/api.w.org\/{rel}","templated":true}]}}