{"id":111097,"date":"2025-10-14T22:47:09","date_gmt":"2025-10-14T22:47:09","guid":{"rendered":"https:\/\/www.europesays.com\/pt\/111097\/"},"modified":"2025-10-14T22:47:09","modified_gmt":"2025-10-14T22:47:09","slug":"ex-arbitro-internacional-admite-crime-de-pornografia-infantil","status":"publish","type":"post","link":"https:\/\/www.europesays.com\/pt\/111097\/","title":{"rendered":"Ex-\u00e1rbitro internacional admite crime de pornografia infantil"},"content":{"rendered":"<p>Antigo \u00e1rbitro da Premier League David Coote declarou-se culpado de posse de pornografia infantil, em audi\u00eancia no Nottingham Crown Court, localizado em Canal Street, na cidade inglesa de Nottingham, no condado de Nottinghamshire. O caso envolve um v\u00eddeo classificado como de categoria A, a mais grave neste tipo de crime, encontrado pelas autoridades em fevereiro.<\/p>\n<p data-remotead-prev-elm=\"true\" data-remotead-elm-id=\"inread\">O tribunal ouviu que, a 2 de janeiro de 2020, Coote ter\u00e1 transferido o v\u00eddeo de um disco r\u00edgido para um computador port\u00e1til. Em setembro, no Nottingham Magistrates&#8217; Court, o ex-\u00e1rbitro tinha negado a acusa\u00e7\u00e3o.<\/p>\n<p>Durante a audi\u00eancia desta ter\u00e7a-feira, Coote, vestido com fato azul-escuro e gravata preta, limitou-se a confirmar o nome e a declarar-se culpado. O juiz Nirmal Shant KC sublinhou a gravidade da situa\u00e7\u00e3o: &#8220;N\u00e3o devem ir embora com a impress\u00e3o de que isto n\u00e3o resultar\u00e1 numa pena de pris\u00e3o.&#8221;<\/p>\n<p>Antecedentes e san\u00e7\u00f5es<\/p>\n<p data-remotead-prev-elm=\"true\" data-remotead-elm-id=\"centro1\">David Coote foi despedido em 2024, depois de surgirem v\u00eddeos em que criticava o antigo treinador do Liverpool, J\u00fcrgen Klopp, gravados em 2020. Em agosto, a Football Association suspendeu-o por oito semanas devido a essas grava\u00e7\u00f5es.<\/p>\n<p><img decoding=\"async\" class=\"ngx-body\" guid=\"2c790f57-a799-4a6e-a81c-95e0f0e904d1\" src=\"https:\/\/www.europesays.com\/pt\/wp-content\/uploads\/2025\/10\/1760482029_649_image.jpg\" width=\"100%\"\/>FOTO: PHIL NOBLE \/ POOL \/ AFP<\/p>\n<p data-remotead-prev-elm=\"true\" data-remotead-elm-id=\"centro2\">Al\u00e9m disso, a UEFA baniu o ex-\u00e1rbitro de todas as atividades ligadas ao futebol at\u00e9 30 de junho de 2026, ap\u00f3s surgirem fotografias que o mostravam a inalar uma subst\u00e2ncia em p\u00f3 atrav\u00e9s de uma nota durante o Euro 2024, na Alemanha.<\/p>\n<p>Em janeiro deste ano, Coote revelou publicamente ser homossexual numa entrevista ao &#8220;The Sun&#8221;, explicando que a luta para esconder a sua sexualidade durante a vida contribuiu para o epis\u00f3dio de raiva contra Klopp.<\/p>\n<p data-remotead-prev-elm=\"true\" data-remotead-elm-id=\"centro3\">O tribunal ordenou a elabora\u00e7\u00e3o de um relat\u00f3rio pr\u00e9-senten\u00e7a, a apresentar na audi\u00eancia de 11 de dezembro, que ajudar\u00e1 a decidir se Coote cumprir\u00e1 pena de pris\u00e3o ou outra san\u00e7\u00e3o.<\/p>\n","protected":false},"excerpt":{"rendered":"Antigo \u00e1rbitro da Premier League David Coote declarou-se culpado de posse de pornografia infantil, em audi\u00eancia no Nottingham&hellip;\n","protected":false},"author":2,"featured_media":111098,"comment_status":"","ping_status":"","sticky":false,"template":"","format":"standard","meta":{"footnotes":""},"categories":[87],"tags":[3265,26325,135,26326,32,666,33,134,299],"class_list":{"0":"post-111097","1":"post","2":"type-post","3":"status-publish","4":"format-standard","5":"has-post-thumbnail","7":"category-desporto","8":"tag-arbitro","9":"tag-david-coote","10":"tag-desporto","11":"tag-pornografia-infantil","12":"tag-portugal","13":"tag-premier-league","14":"tag-pt","15":"tag-sports","16":"tag-tribunal"},"share_on_mastodon":{"url":"","error":""},"_links":{"self":[{"href":"https:\/\/www.europesays.com\/pt\/wp-json\/wp\/v2\/posts\/111097","targetHints":{"allow":["GET"]}}],"collection":[{"href":"https:\/\/www.europesays.com\/pt\/wp-json\/wp\/v2\/posts"}],"about":[{"href":"https:\/\/www.europesays.com\/pt\/wp-json\/wp\/v2\/types\/post"}],"author":[{"embeddable":true,"href":"https:\/\/www.europesays.com\/pt\/wp-json\/wp\/v2\/users\/2"}],"replies":[{"embeddable":true,"href":"https:\/\/www.europesays.com\/pt\/wp-json\/wp\/v2\/comments?post=111097"}],"version-history":[{"count":0,"href":"https:\/\/www.europesays.com\/pt\/wp-json\/wp\/v2\/posts\/111097\/revisions"}],"wp:featuredmedia":[{"embeddable":true,"href":"https:\/\/www.europesays.com\/pt\/wp-json\/wp\/v2\/media\/111098"}],"wp:attachment":[{"href":"https:\/\/www.europesays.com\/pt\/wp-json\/wp\/v2\/media?parent=111097"}],"wp:term":[{"taxonomy":"category","embeddable":true,"href":"https:\/\/www.europesays.com\/pt\/wp-json\/wp\/v2\/categories?post=111097"},{"taxonomy":"post_tag","embeddable":true,"href":"https:\/\/www.europesays.com\/pt\/wp-json\/wp\/v2\/tags?post=111097"}],"curies":[{"name":"wp","href":"https:\/\/api.w.org\/{rel}","templated":true}]}}