{"id":111103,"date":"2025-10-14T22:53:14","date_gmt":"2025-10-14T22:53:14","guid":{"rendered":"https:\/\/www.europesays.com\/pt\/111103\/"},"modified":"2025-10-14T22:53:14","modified_gmt":"2025-10-14T22:53:14","slug":"voto-anulado-ao-ps-da-vitoria-ao-psd-na-freguesia-de-vila-marim-em-vila-real","status":"publish","type":"post","link":"https:\/\/www.europesays.com\/pt\/111103\/","title":{"rendered":"Voto anulado ao PS d\u00e1 vit\u00f3ria ao PSD na freguesia de Vila Marim em Vila Real"},"content":{"rendered":"<p>A decis\u00e3o sobre o vencedor das elei\u00e7\u00f5es para aquela freguesia do concelho de Vila Real ficou suspensa no domingo, depois de ambas as candidaturas somarem 542 votos.<\/p>\n<p data-remotead-prev-elm=\"true\" data-remotead-elm-id=\"inread\">Segundo Diogo N\u00f3brega, que encabe\u00e7ou a lista do PSD \u00e0 Assembleia de Freguesia de Vila Marim, hoje, feita a verifica\u00e7\u00e3o pela Assembleia de Apuramento Geral, foi detetado um voto nulo na contabilidade dos votos do PS, que acabou por ditar a vit\u00f3ria da sua candidatura.<\/p>\n<p>O PS ficou, ent\u00e3o, com o registo de 541 votos, assinalou. Em terceiro lugar ficou o Chega, com 64 votos.<\/p>\n<p data-remotead-prev-elm=\"true\" data-remotead-elm-id=\"centro1\">H\u00e1 quatro anos, as 20 juntas de freguesias do concelho foram conquistadas por candidatos do PS ou apoiados pelo PS.<\/p>\n<p>Ap\u00f3s esta verifica\u00e7\u00e3o de hoje, nestas aut\u00e1rquicas, para as assembleias de freguesia o PS perdeu Gui\u00e3es, Parada de Cunhos, Constantim e Vila Marim.<\/p>\n<p data-remotead-prev-elm=\"true\" data-remotead-elm-id=\"centro2\">Nas elei\u00e7\u00f5es de domingo, para a C\u00e2mara Municipal, o PS conquistou quatro mandatos, o PSD dois eleitos e o Chega um.<\/p>\n<p>Alexandre Favaios foi eleito presidente da c\u00e2mara, depois de assumir o cargo em junho ap\u00f3s a sa\u00edda de Rui Santos para a Assembleia da Republica. Rui Santos foi eleito presidente da Assembleia Municipal.<\/p>\n<p data-remotead-prev-elm=\"true\" data-remotead-elm-id=\"centro3\">Dos 49.167 eleitores inscritos no concelho votaram 32.144 (65,38%).<\/p>\n<p>Nas elei\u00e7\u00f5es para a c\u00e2mara municipal, o PS ganhou em todas as sec\u00e7\u00f5es de voto do concelho.<\/p>\n","protected":false},"excerpt":{"rendered":"A decis\u00e3o sobre o vencedor das elei\u00e7\u00f5es para aquela freguesia do concelho de Vila Real ficou suspensa no&hellip;\n","protected":false},"author":2,"featured_media":111104,"comment_status":"","ping_status":"","sticky":false,"template":"","format":"standard","meta":{"footnotes":""},"categories":[10],"tags":[27,28,26327,17593,15,16,14,25,26,21,22,12,13,19,20,32,23,24,4579,33,17,18,29,30,31],"class_list":{"0":"post-111103","1":"post","2":"type-post","3":"status-publish","4":"format-standard","5":"has-post-thumbnail","7":"category-portugal","8":"tag-breaking-news","9":"tag-breakingnews","10":"tag-concelho-vila-real","11":"tag-eleicoes-autarquicas","12":"tag-featured-news","13":"tag-featurednews","14":"tag-headlines","15":"tag-latest-news","16":"tag-latestnews","17":"tag-main-news","18":"tag-mainnews","19":"tag-news","20":"tag-noticias","21":"tag-noticias-principais","22":"tag-noticiasprincipais","23":"tag-portugal","24":"tag-principais-noticias","25":"tag-principaisnoticias","26":"tag-psd","27":"tag-pt","28":"tag-top-stories","29":"tag-topstories","30":"tag-ultimas","31":"tag-ultimas-noticias","32":"tag-ultimasnoticias"},"share_on_mastodon":{"url":"","error":""},"_links":{"self":[{"href":"https:\/\/www.europesays.com\/pt\/wp-json\/wp\/v2\/posts\/111103","targetHints":{"allow":["GET"]}}],"collection":[{"href":"https:\/\/www.europesays.com\/pt\/wp-json\/wp\/v2\/posts"}],"about":[{"href":"https:\/\/www.europesays.com\/pt\/wp-json\/wp\/v2\/types\/post"}],"author":[{"embeddable":true,"href":"https:\/\/www.europesays.com\/pt\/wp-json\/wp\/v2\/users\/2"}],"replies":[{"embeddable":true,"href":"https:\/\/www.europesays.com\/pt\/wp-json\/wp\/v2\/comments?post=111103"}],"version-history":[{"count":0,"href":"https:\/\/www.europesays.com\/pt\/wp-json\/wp\/v2\/posts\/111103\/revisions"}],"wp:featuredmedia":[{"embeddable":true,"href":"https:\/\/www.europesays.com\/pt\/wp-json\/wp\/v2\/media\/111104"}],"wp:attachment":[{"href":"https:\/\/www.europesays.com\/pt\/wp-json\/wp\/v2\/media?parent=111103"}],"wp:term":[{"taxonomy":"category","embeddable":true,"href":"https:\/\/www.europesays.com\/pt\/wp-json\/wp\/v2\/categories?post=111103"},{"taxonomy":"post_tag","embeddable":true,"href":"https:\/\/www.europesays.com\/pt\/wp-json\/wp\/v2\/tags?post=111103"}],"curies":[{"name":"wp","href":"https:\/\/api.w.org\/{rel}","templated":true}]}}