{"id":111123,"date":"2025-10-14T23:12:10","date_gmt":"2025-10-14T23:12:10","guid":{"rendered":"https:\/\/www.europesays.com\/pt\/111123\/"},"modified":"2025-10-14T23:12:10","modified_gmt":"2025-10-14T23:12:10","slug":"e-hora-da-leitura-na-efapi-do-brasil","status":"publish","type":"post","link":"https:\/\/www.europesays.com\/pt\/111123\/","title":{"rendered":"\u00c9 hora da leitura na Efapi do Brasil"},"content":{"rendered":"<p>A interven\u00e7\u00e3o da BiblioBike foi realizada nesta ter\u00e7a-feira (14). Alunos do EBM Diogo Alves da Silva participaram da a\u00e7\u00e3o<\/p>\n<p>Os alunos do 4\u00ba ano do EBM Diogo Alves da Silva, do bairro Efapi, participaram de uma experi\u00eancia diferente nesta ter\u00e7a-feira (14), ao visitarem a Efapi do Brasil no parque Dr. Valmor Ernesto Lunardi. Eles foram surpreendidos com a interven\u00e7\u00e3o da Bibliobike e que \u00e9 uma biblioteca itinerante em uma bicicleta que, desde 2016, promove o incentivo \u00e0 leitura. <\/p>\n<p>A aluna L\u00edvia Vailon, de 10 anos, escolheu o livro \u0093Uma lagarta muito comilona\u0094 para ler durante a atividade. \u0093Eu adoro ler jornais e livros. Estou adorando a oportunidade\u0094, afirma. Seu colega, Davi Esperan\u00e7a, tamb\u00e9m de 10 anos, tamb\u00e9m adorou a experi\u00eancia e estava concentrado lendo o livro escolhido. \u0093Eu adoro ler qualquer tipo de livro\u0094, destacou. A professora da turma, Silvia Maria de Andrade, as crian\u00e7as estavam ansiosas para conhecer a feira e ainda mais quando chegaram e tiveram contato com a biblioteca itinerante. \u0093Ter o contato com os livros de uma maneira l\u00fadica possibilita que eles possam ainda mais serem incentivados a ler\u0094, salienta a professora.<\/p>\n<p>Conex\u00e3o com a leitura<\/p>\n<p>Sobre as interven\u00e7\u00f5es culturais<\/p>\n<p>O coordenador da feira, Felipe Balzan refor\u00e7a esse momento. &#8220;A cultura est\u00e1 presente em cada espa\u00e7o da Efapi do Brasil. Pensamos em uma programa\u00e7\u00e3o rica em todos os aspectos, que valoriza os talentos locais e tamb\u00e9m traz diversidade de express\u00f5es art\u00edsticas. As interven\u00e7\u00f5es culturais est\u00e3o entre os pilares da feira, porque acreditamos que o desenvolvimento de uma cidade tamb\u00e9m passa pela arte, pela m\u00fasica e pelas manifesta\u00e7\u00f5es populares que representam nossa identidade\u0094, destaca Balzan.<\/p>\n<p>Com nove anos de hist\u00f3ria, a Bibliobike participa pela terceira vez da Efapi. A coordenadora, Camila Miotto, explica que s\u00e3o mais de 300 livros infantis levados para espa\u00e7os escolares, feiras de livros, pra\u00e7as e parques. \u0093Nosso intuito \u00e9 aproximar as pessoas dos livros. Muitas vezes, esse contato \u00e9 um encontro, ou reencontro, com a literatura, mas sem o car\u00e1ter did\u00e1tico. Queremos que seja um momento de prazer, de encantamento, em que a leitura \u00e9 vivida como uma atividade de lazer\u0094, explica.<\/p>\n<p>O projeto j\u00e1 impactou mais de 40 mil crian\u00e7as e realizou mais de 500 interven\u00e7\u00f5es. Ao final de cada atividade, as crian\u00e7as recebem o Di\u00e1rio do Leitor, um material desenvolvido especialmente para incentivar que continuem a frequentar as bibliotecas escolares ou p\u00fablicas e mantenham o h\u00e1bito da leitura. \u0093Estar aqui na Efapi \u00e9 muito significativo para n\u00f3s. \u00c9 a terceira edi\u00e7\u00e3o da feira em que participamos, e isso mostra a continuidade do projeto. Ter o apoio da Secretaria de Cultura e da prefeitura \u00e9 fundamental, porque acreditam no nosso trabalho e ajudam a levar a literatura para mais pessoas\u0094, completa.<\/p>\n","protected":false},"excerpt":{"rendered":"A interven\u00e7\u00e3o da BiblioBike foi realizada nesta ter\u00e7a-feira (14). Alunos do EBM Diogo Alves da Silva participaram da&hellip;\n","protected":false},"author":2,"featured_media":111124,"comment_status":"","ping_status":"","sticky":false,"template":"","format":"standard","meta":{"footnotes":""},"categories":[143],"tags":[169,9854,114,115,9855,170,5231,32,3046,33,4077],"class_list":{"0":"post-111123","1":"post","2":"type-post","3":"status-publish","4":"format-standard","5":"has-post-thumbnail","7":"category-livros","8":"tag-books","9":"tag-chapeco","10":"tag-entertainment","11":"tag-entretenimento","12":"tag-gestao","13":"tag-livros","14":"tag-municipal","15":"tag-portugal","16":"tag-prefeitura","17":"tag-pt","18":"tag-secretarias"},"share_on_mastodon":{"url":"","error":""},"_links":{"self":[{"href":"https:\/\/www.europesays.com\/pt\/wp-json\/wp\/v2\/posts\/111123","targetHints":{"allow":["GET"]}}],"collection":[{"href":"https:\/\/www.europesays.com\/pt\/wp-json\/wp\/v2\/posts"}],"about":[{"href":"https:\/\/www.europesays.com\/pt\/wp-json\/wp\/v2\/types\/post"}],"author":[{"embeddable":true,"href":"https:\/\/www.europesays.com\/pt\/wp-json\/wp\/v2\/users\/2"}],"replies":[{"embeddable":true,"href":"https:\/\/www.europesays.com\/pt\/wp-json\/wp\/v2\/comments?post=111123"}],"version-history":[{"count":0,"href":"https:\/\/www.europesays.com\/pt\/wp-json\/wp\/v2\/posts\/111123\/revisions"}],"wp:featuredmedia":[{"embeddable":true,"href":"https:\/\/www.europesays.com\/pt\/wp-json\/wp\/v2\/media\/111124"}],"wp:attachment":[{"href":"https:\/\/www.europesays.com\/pt\/wp-json\/wp\/v2\/media?parent=111123"}],"wp:term":[{"taxonomy":"category","embeddable":true,"href":"https:\/\/www.europesays.com\/pt\/wp-json\/wp\/v2\/categories?post=111123"},{"taxonomy":"post_tag","embeddable":true,"href":"https:\/\/www.europesays.com\/pt\/wp-json\/wp\/v2\/tags?post=111123"}],"curies":[{"name":"wp","href":"https:\/\/api.w.org\/{rel}","templated":true}]}}