{"id":111129,"date":"2025-10-14T23:15:09","date_gmt":"2025-10-14T23:15:09","guid":{"rendered":"https:\/\/www.europesays.com\/pt\/111129\/"},"modified":"2025-10-14T23:15:09","modified_gmt":"2025-10-14T23:15:09","slug":"conheca-filmes-que-abordam-o-proprio-cinema-na-49a-mostra-14-10-2025-cinema","status":"publish","type":"post","link":"https:\/\/www.europesays.com\/pt\/111129\/","title":{"rendered":"Conhe\u00e7a filmes que abordam o pr\u00f3prio cinema na 49\u00aa Mostra &#8211; 14\/10\/2025 &#8211; Cinema"},"content":{"rendered":"<p>A hist\u00f3ria do pr\u00f3prio <a href=\"https:\/\/www1.folha.uol.com.br\/folha-topicos\/cinema\/\" rel=\"nofollow noopener\" target=\"_blank\">cinema<\/a> alimenta alguns dos t\u00edtulos da 49\u00aa Mostra, com destaque para &#8220;Nouvelle Vague&#8221;, de Richard Linklater, sobre o famoso movimento que revelou para o mundo toda uma gera\u00e7\u00e3o de autores franceses.<\/p>\n<p>Confira essa e outras dicas de filmes sobre cinema.<\/p>\n<p><strong>Constela\u00e7\u00e3o Portabella<\/strong><br \/>&#13;<br \/>\nConstel\u00b7laci\u00f3 Portabella. Espanha, 2024. Dir.: Claudio Zulian. 88 min. 14 anos<br \/>&#13;<br \/>\nDiretor de filmes originais, como &#8220;Ponte de Vars\u00f3via&#8221; (1990), o espanhol Pere Portabella tamb\u00e9m produziu cl\u00e1ssicos, como &#8220;Viridiana&#8221; (1961), de Luis Bu\u00f1uel. Teve ainda atua\u00e7\u00e3o pol\u00edtica relevante e foi signat\u00e1rio da Constitui\u00e7\u00e3o de 1978. O document\u00e1rio re\u00fane trechos de seus filmes, debates e entrevistas sobre sua trajet\u00f3ria.<br \/>&#13;<br \/>\nDias 24, \u00e0s 21h20 (Espa\u00e7o Petrobras de Cinema 3); 25, \u00e0s 22h (Cinemateca &#8211; Sala Oscarito); e 28, \u00e0s 14h40 (IMS Paulista)<\/p>\n<p><strong>Um Corpo que Cai, por Kim <\/strong><strong>Novak<\/strong><br \/>&#13;<br \/>\nKim Novak\u2019s Vertigo. EUA, 2025. Dir.: Alexandre O. Philippe. 76 min. 12 anos.<br \/>&#13;<br \/>\nO diretor fala com Kim Novak, hoje aos 92 anos, e resgata a hist\u00f3ria da estrela que, no auge da fama, deixou os holofotes. Por meio de seu papel ic\u00f4nico em &#8220;Um Corpo que Cai&#8221; (1958), de Alfred Hitchcock, o filme explora como aquela atua\u00e7\u00e3o reflete a tens\u00e3o entre imagem e identidade que marcaram a carreira da atriz.<br \/>&#13;<br \/>\nDias 21, \u00e0s 19h40 (Playarte Marab\u00e1 4); 22, \u00e0s 13h (Reserva Cultural 1); 23, \u00e0s 16h30 (Cinemateca &#8211; Sala Petrobras); e 24, \u00e0s 13h30 (Espa\u00e7o Petrobras de Cinema 1)<\/p>\n<p><strong>Filmar ou Morrer<\/strong><br \/>&#13;<br \/>\nFilms to Die For. Reino Unido, 2025. Dir.: L\u00facia Nagib. 87 min. 10 anos.<br \/>&#13;<br \/>\nUsando como ponto de partida o filme &#8220;O Estado das Coisas&#8221; (1982), de Wim Wenders, o document\u00e1rio investiga sobre como as obras dialogam e reflete sobe a suposta morte do cinema.<br \/>&#13;<br \/>\nDias 23, \u00e0s 19h45 (Espa\u00e7o Petrobras de Cinema 1); 25, \u00e0s 15h (Reserva Cultural 2); 28, \u00e0s 19h (Spcine &#8211; Biblioteca Roberto Santos); e 29, \u00e0s 17h (Spcine CCSP &#8211; Lima Barreto)<\/p>\n<p><strong>Gavagai<\/strong><br \/>&#13;<br \/>\nIdem. Alemanha\/Fran\u00e7a, 2025. Dir.: Ulrich K\u00f6hler. Com: Jean-ChristopheFolly , Maren Eggert e Nathalie Richard. 89 min. 14 anos<br \/>&#13;<br \/>\nA atriz Maja procura conforto em um caso amoroso com seu colega de elenco, Nourou, durante as filmagens de uma adapta\u00e7\u00e3o de &#8220;Medeia&#8221;, no Senegal. Meses depois, eles se reencontram na estreia do filme, em Berlim, mas um ato de racismo abala a rela\u00e7\u00e3o.<br \/>&#13;<br \/>\nDias 16, \u00e0s 13h (Reserva Cultural 2); 21, \u00e0s 17h30 (Cine Satyros Bijou); 23, \u00e0s 18h (Espa\u00e7o Petrobras de Cinema 1); e 26, \u00e0s 19h20 (Playarte Marab\u00e1 4)<\/p>\n<p><strong>Mr. Scorsese<\/strong><br \/>&#13;<br \/>\nIdem. EUA, 2025. Dir.: Rebecca Miller. 285 min. 14 anos<br \/>&#13;<br \/>\nS\u00e9rie de cinco epis\u00f3dios (da Apple TV+) apresenta um retrato \u00edntimo do diretor Martin Scorsese, explorando sua vida pessoal e sua carreira por meio de conversas com ele, familiares e parceiros, a exemplo de Robert De Niro, Leonardo DiCaprio e Steven Spielberg.<br \/>&#13;<br \/>\nDia16, \u00e0s 15h (Cinesesc)<\/p>\n<p><strong>Morte e Vida Madalena<\/strong><br \/>&#13;<br \/>\nIdem. Dir.: Guto Parente. Com: No\u00e1 Bonoba, Nataly Rocha e Tavinho Teixeira. 85 min. 12 anos.<br \/>&#13;<br \/>\nMadalena \u00e9 uma produtora de cinema que est\u00e1 gr\u00e1vida de oito meses. Em meio a caos de sua vida, ela precisa concluir um filme de fic\u00e7\u00e3o cient\u00edfica escrito por seu pai rec\u00e9m-falecido.<br \/>&#13;<br \/>\nDias 21, \u00e0s 19h40 (Reserva Cultural 1); e 26, \u00e0s 16h45 (Espa\u00e7o Petrobras de Cinema 1)<\/p>\n<p><strong>Na Alcova do Sult\u00e3o<\/strong><br \/>&#13;<br \/>\nEn la Alcoba del Sult\u00e1n. Espanha\/Fran\u00e7a, 2024. Dir.: Javier Rebollo. Com: F\u00e9lix Moati, Pilar L\u00f3pez de Ayala e Ili\u00e8s Kadri. 98 min. 14 anos<br \/>&#13;<br \/>\nEm 1901, o sult\u00e3o do Pa\u00eds de Nour procura algu\u00e9m que o ensine sobre os mist\u00e9rios do cinemat\u00f3grafo e se encontra com o c\u00e9lebre operador de c\u00e2mera dos irm\u00e3os Lumi\u00e8re, Gabriel Veyre.<br \/>&#13;<br \/>\nDias 24, \u00e0s 21h40 (IMS Paulista); 26, \u00e0s 19h10 (Espa\u00e7o Petrobras de Cinema 4); e 28, \u00e0s 16h (Espa\u00e7o Petrobras de Cinema 3)<\/p>\n<p><strong>O Palpite<\/strong><br \/>&#13;<br \/>\nLa Corazonada. Chile, 2025. Dir.: Diego Soto. Com: Natacha Garc\u00eda, Germ\u00e1n Insunza e Mart\u00edn Insunza. 78 min. 12 anos.<br \/>&#13;<br \/>\nNieves gerencia um resort ao lado de seu filho. Um motociclista se apaixona por ela, mas o romance n\u00e3o parece promissor, at\u00e9 o momento em que uma equipe de filmagem chega e os convida para atuar em um filme.<br \/>&#13;<br \/>\nDias 18, \u00e0s 18h50 (Cinemateca &#8211; Sala Oscarito); 22, \u00e0s 20h (IMS Paulista); 23, \u00e0s 16h15 (Espa\u00e7o Petrobras de Cinema 3); e 30, \u00e0s 17h (Spcine CCSP &#8211; Paulo Em\u00edlio)<\/p>\n<p><strong>S\u00e9rgio Mamberti \u2014 Mem\u00f3rias do <\/strong><strong>Brasil<\/strong><br \/>&#13;<br \/>\nIdem. Brasil, 2025. Dir.: Evaldo Mocarzel. 90 min. 14 anos.<br \/>&#13;<br \/>\nO document\u00e1rio revisita as mem\u00f3rias de S\u00e9rgio Mamberti (1939-2021), ator, diretor e gestor cultural. O filme mergulha na vida do artista e entrela\u00e7a sua intimidade com a hist\u00f3ria da cultura e da pol\u00edtica brasileira, especialmente nos anos de ditadura militar. Muito al\u00e9m do registro biogr\u00e1fico, o filme mostra a efervesc\u00eancia da cena cultural nos anos 1960 e 1970, passando por mais de 60 anos de cultura brasileira.<br \/>&#13;<br \/>\nDias 21, \u00e0s 19h25 (Reserva Cultural 2); e 26, \u00e0s 14h40 (Reserva Cultural 1)<\/p>\n<p><strong>Rel\u00e2mpagos de Cr\u00edticas Murm\u00farios de Metaf\u00edsicas<\/strong><br \/>&#13;<br \/>\nIdem. Brasil, 2024. Dir.: Julio Bressane e Rodrigo Lima. 148 min.<br \/>&#13;<br \/>\nPor meio de uma montagem que re\u00fane cenas de 48 filmes brasileiros, produzidos entre 1898 e 2022, o document\u00e1rio revela instantes de inova\u00e7\u00e3o, experimenta\u00e7\u00e3o e emo\u00e7\u00e3o. Sem narra\u00e7\u00e3o, o longa convida \u00e0 reflex\u00e3o sobre a linguagem e o potencial do cinema no Brasil.<br \/>&#13;<br \/>\nDias 25, \u00e0s 21h (Espa\u00e7o Petrobras de Cinema 2); e 30, \u00e0s 14h (Cinemateca &#8211; Sala Grande Otelo)<\/p>\n","protected":false},"excerpt":{"rendered":"A hist\u00f3ria do pr\u00f3prio cinema alimenta alguns dos t\u00edtulos da 49\u00aa Mostra, com destaque para &#8220;Nouvelle Vague&#8221;, de&hellip;\n","protected":false},"author":2,"featured_media":111130,"comment_status":"","ping_status":"","sticky":false,"template":"","format":"standard","meta":{"footnotes":""},"categories":[140],"tags":[207,470,114,115,147,148,26329,761,5267,25430,26330,146,32,33],"class_list":{"0":"post-111129","1":"post","2":"type-post","3":"status-publish","4":"format-standard","5":"has-post-thumbnail","7":"category-filmes","8":"tag-arte","9":"tag-cinema","10":"tag-entertainment","11":"tag-entretenimento","12":"tag-film","13":"tag-filmes","14":"tag-guia-da-mostra","15":"tag-guia-folha","16":"tag-mostra-de-cinema","17":"tag-mostra-de-cinema-de-sp","18":"tag-mostra-internacional-de-cinema-de-so-paulo","19":"tag-movies","20":"tag-portugal","21":"tag-pt"},"share_on_mastodon":{"url":"","error":""},"_links":{"self":[{"href":"https:\/\/www.europesays.com\/pt\/wp-json\/wp\/v2\/posts\/111129","targetHints":{"allow":["GET"]}}],"collection":[{"href":"https:\/\/www.europesays.com\/pt\/wp-json\/wp\/v2\/posts"}],"about":[{"href":"https:\/\/www.europesays.com\/pt\/wp-json\/wp\/v2\/types\/post"}],"author":[{"embeddable":true,"href":"https:\/\/www.europesays.com\/pt\/wp-json\/wp\/v2\/users\/2"}],"replies":[{"embeddable":true,"href":"https:\/\/www.europesays.com\/pt\/wp-json\/wp\/v2\/comments?post=111129"}],"version-history":[{"count":0,"href":"https:\/\/www.europesays.com\/pt\/wp-json\/wp\/v2\/posts\/111129\/revisions"}],"wp:featuredmedia":[{"embeddable":true,"href":"https:\/\/www.europesays.com\/pt\/wp-json\/wp\/v2\/media\/111130"}],"wp:attachment":[{"href":"https:\/\/www.europesays.com\/pt\/wp-json\/wp\/v2\/media?parent=111129"}],"wp:term":[{"taxonomy":"category","embeddable":true,"href":"https:\/\/www.europesays.com\/pt\/wp-json\/wp\/v2\/categories?post=111129"},{"taxonomy":"post_tag","embeddable":true,"href":"https:\/\/www.europesays.com\/pt\/wp-json\/wp\/v2\/tags?post=111129"}],"curies":[{"name":"wp","href":"https:\/\/api.w.org\/{rel}","templated":true}]}}