{"id":111195,"date":"2025-10-15T00:03:22","date_gmt":"2025-10-15T00:03:22","guid":{"rendered":"https:\/\/www.europesays.com\/pt\/111195\/"},"modified":"2025-10-15T00:03:22","modified_gmt":"2025-10-15T00:03:22","slug":"o-que-se-passa-em-madagascar-protestos-da-gen-z-levam-a-revolta-militar-e-a-fuga-do-chefe-de-estado","status":"publish","type":"post","link":"https:\/\/www.europesays.com\/pt\/111195\/","title":{"rendered":"O que se passa em Madag\u00e1scar? Protestos da Gen Z levam a revolta militar e \u00e0 fuga do Chefe de Estado"},"content":{"rendered":"<p class=\"category\"><a href=\"https:\/\/sicnoticias.pt\/mundo\" rel=\"nofollow noopener\" target=\"_blank\">Mundo<\/a><\/p>\n<p class=\"status custom explicador\">EXPLICADOR<\/p>\n<p>Madag\u00e1scar enfrenta uma grave crise pol\u00edtica desencadeada por manifesta\u00e7\u00f5es da Gera\u00e7\u00e3o Z, motivadas pela falta de oportunidades, cortes no fornecimento de energia e escassez de \u00e1gua. Os protestos alargaram-se a reivindica\u00e7\u00f5es contra a corrup\u00e7\u00e3o e a m\u00e1 gest\u00e3o do pa\u00eds, culminando numa revolta militar e na fuga do Presidente Andry Rajoelina.<\/p>\n<p><img decoding=\"async\" src=\"https:\/\/www.europesays.com\/pt\/wp-content\/uploads\/2025\/10\/1760486602_256_original.webp\" alt=\"Manifestantes exigem a demiss\u00e3o do Presidente Andry Rajoelina em Antananarivo, Madag\u00e1scar, ter\u00e7a-feira, 14 de outubro de 2025.\"\/><\/p>\n<p>Manifestantes exigem a demiss\u00e3o do Presidente Andry Rajoelina em Antananarivo, Madag\u00e1scar, ter\u00e7a-feira, 14 de outubro de 2025.<\/p>\n<p>Brian Inganga \/ AP<\/p>\n<p><strong>Madag\u00e1scar atravessa um per\u00edodo de grande instabilidade pol\u00edtica, semelhante \u00e0 que tem afetado pa\u00edses como Bangladesh e Nepal nos \u00faltimos meses. <\/strong><strong>Tudo come\u00e7ou com <\/strong><strong>manifesta\u00e7\u00f5es organizadas por jovens da Gera\u00e7\u00e3o Z<\/strong><strong>, que rapidamente cresceram e tomaram conta das ruas da capital, Antananarivo, assumindo <\/strong><strong>propor\u00e7\u00f5es e consequ\u00eancias incontrol\u00e1veis.<\/strong><\/p>\n<p><strong>O que est\u00e1 a provocar estas manifesta\u00e7\u00f5es?<\/strong><\/p>\n<p>Frustrados com a <strong>falta de oportunidades no pa\u00eds<\/strong>, onde muitos jovens nem trabalham nem estudam, os protestos tiveram in\u00edcio nas \u00faltimas semanas devido a <strong>cortes no fornecimento de energia e \u00e0 escassez de \u00e1gua.<\/strong><\/p>\n<p>Manifestantes exigem a demiss\u00e3o do Presidente Andry Rajoelina em Antananarivo, Madag\u00e1scar, ter\u00e7a-feira, 14 de outubro de 2025.<\/p>\n<p>Brian Inganga \/ AP<\/p>\n<p>Rapidamente, as reivindica\u00e7\u00f5es alastraram-se a temas mais abrangentes, como a <strong>corrup\u00e7\u00e3o, a m\u00e1 gest\u00e3o e a car\u00eancia de servi\u00e7os p\u00fablicos essenciais<\/strong>, como explica o <a href=\"https:\/\/timesofindia.indiatimes.com\/world\/rest-of-world\/military-takeover-and-president-on-the-run-how-gen-z-protests-are-shaking-madagascar-explained\/articleshow\/124555510.cms\" target=\"_blank\" rel=\"noopener noreferrer nofollow\">The Times Of India<\/a>.<\/p>\n<p>Da revolta dos militares \u00e0 fuga do Chefe de Estado<\/p>\n<p>Segundo a <strong>&#8220;Gera\u00e7\u00e3o Z Mada&#8221;<\/strong>, autodenomina\u00e7\u00e3o dos jovens em protesto, o principal respons\u00e1vel pela instabilidade no pa\u00eds \u00e9 o Presidente de Madag\u00e1scar, <strong>Andry Rajoelina<\/strong>, que ocupa o cargo desde 2019 e reeleito em 2023.<\/p>\n<p>O Chefe de Estado tentou impor medidas para conter os protestos, recorrendo \u00e0s for\u00e7as de seguran\u00e7a, que acabaram por se <strong>recusar a cumprir as suas ordens<\/strong>, exigindo a <strong>demiss\u00e3o do Presidente e de outros membros do Governo.<\/strong><\/p>\n<p>O Presidente Andry Rajoelina numa cerim\u00f3nia oficial, a 2 de setembro de 2025, em Antananarivo, Madag\u00e1scar.<\/p>\n<p>Alexander Joe \/ AP<\/p>\n<p>Numa <a href=\"https:\/\/www.facebook.com\/SE.AndryRajoelina\/\" target=\"_blank\" rel=\"noopener noreferrer nofollow\">publica\u00e7\u00e3o<\/a> no Facebook na noite de segunda-feira, Andry Rajoelina afirmou ter sido <strong>obrigado a fugir do pa\u00eds<\/strong> no domingo, para encontrar um <strong>local seguro<\/strong> que garantisse a sua prote\u00e7\u00e3o e encontra-se atualmente em parte incerta. Esta ter\u00e7a-feira, <strong>dissolveu a Assembleia Nacional<\/strong> antes da vota\u00e7\u00e3o sobre a sua destitui\u00e7\u00e3o, considerando a a\u00e7\u00e3o inconstitucional e qualquer resultado como \u201cnulo\u201d.<\/p>\n<p>No mesmo dia, o<strong> Corpo de Administra\u00e7\u00e3o de Pessoal e Servi\u00e7os do Ex\u00e9rcito Terrestre (CAPSAT)<\/strong>, unidade militar que se juntou ao movimento de protesto, anunciou que os seus <strong>militares tinham assumido o controle do pa\u00eds e dissolvido diversas institui\u00e7\u00f5es<\/strong>, exceto a Assembleia Nacional, que votou a favor da demiss\u00e3o do Presidente.<\/p>\n<p>Esta mesma unidade esteve envolvida no <strong>golpe de Estado de 2009<\/strong>, que derrubou o antigo presidente e possibilitou a ascens\u00e3o ao poder do atual l\u00edder.<\/p>\n<p>O comandante da unidade militar CAPSAT, coronel Michael Randrianirina, junta-se aos manifestantes para anunciar que as for\u00e7as armadas est\u00e3o a assumir o controlo do pa\u00eds em Antananarivo, Madag\u00e1scar, ter\u00e7a-feira, 14 de outubro de 2025.<\/p>\n<p>Brian Inganga \/ AP<\/p>\n<p>O Supremo Tribunal de Madag\u00e1scar nomeou posteriormente o <strong>coronel Michael Randrianirina como presidente interino<\/strong>, incumbindo-o de organizar novas <strong>elei\u00e7\u00f5es no prazo m\u00e1ximo de 60 dias<\/strong>.<\/p>\n<p>No entanto, poucas horas depois, a presid\u00eancia de Madag\u00e1scar contrariou essa decis\u00e3o, afirmando que o <strong>Presidente Andry Rajoelina permaneceria no cargo<\/strong> e denunciando uma tentativa de golpe de Estado.<\/p>\n<p>Um dos pa\u00edses mais pobres do mundo<\/p>\n<p>Madag\u00e1scar, uma ilha com uma <strong>popula\u00e7\u00e3o muito pobre<\/strong>, tem uma longa hist\u00f3ria de revoltas populares seguidas pela instaura\u00e7\u00e3o de governos militares de transi\u00e7\u00e3o, mas estes protestos s\u00e3o os <strong>piores que a ilha do Oceano \u00cdndico vive h\u00e1 anos<\/strong> e o maior desafio que Andry Rajoelina enfrentou desde a sua reelei\u00e7\u00e3o em 2023.<\/p>\n<p>Apesar das riquezas naturais, Madag\u00e1scar continua a ser um dos <strong>pa\u00edses mais pobres do mundo e quase 75% da popula\u00e7\u00e3o vivia abaixo do limiar da pobreza<\/strong> em 2022, segundo dados do<a href=\"https:\/\/www.worldbank.org\/ext\/en\/home\" target=\"_blank\" rel=\"noopener noreferrer nofollow\"> Banco Mundial<\/a>.<\/p>\n","protected":false},"excerpt":{"rendered":"Mundo EXPLICADOR Madag\u00e1scar enfrenta uma grave crise pol\u00edtica desencadeada por manifesta\u00e7\u00f5es da Gera\u00e7\u00e3o Z, motivadas pela falta de&hellip;\n","protected":false},"author":2,"featured_media":111196,"comment_status":"","ping_status":"","sticky":false,"template":"","format":"standard","meta":{"footnotes":""},"categories":[50],"tags":[27,28,15,16,14,25,26,21,22,62,12,13,19,20,23,24,17,18,29,30,31,63,64,65],"class_list":{"0":"post-111195","1":"post","2":"type-post","3":"status-publish","4":"format-standard","5":"has-post-thumbnail","7":"category-mundo","8":"tag-breaking-news","9":"tag-breakingnews","10":"tag-featured-news","11":"tag-featurednews","12":"tag-headlines","13":"tag-latest-news","14":"tag-latestnews","15":"tag-main-news","16":"tag-mainnews","17":"tag-mundo","18":"tag-news","19":"tag-noticias","20":"tag-noticias-principais","21":"tag-noticiasprincipais","22":"tag-principais-noticias","23":"tag-principaisnoticias","24":"tag-top-stories","25":"tag-topstories","26":"tag-ultimas","27":"tag-ultimas-noticias","28":"tag-ultimasnoticias","29":"tag-world","30":"tag-world-news","31":"tag-worldnews"},"share_on_mastodon":{"url":"","error":""},"_links":{"self":[{"href":"https:\/\/www.europesays.com\/pt\/wp-json\/wp\/v2\/posts\/111195","targetHints":{"allow":["GET"]}}],"collection":[{"href":"https:\/\/www.europesays.com\/pt\/wp-json\/wp\/v2\/posts"}],"about":[{"href":"https:\/\/www.europesays.com\/pt\/wp-json\/wp\/v2\/types\/post"}],"author":[{"embeddable":true,"href":"https:\/\/www.europesays.com\/pt\/wp-json\/wp\/v2\/users\/2"}],"replies":[{"embeddable":true,"href":"https:\/\/www.europesays.com\/pt\/wp-json\/wp\/v2\/comments?post=111195"}],"version-history":[{"count":0,"href":"https:\/\/www.europesays.com\/pt\/wp-json\/wp\/v2\/posts\/111195\/revisions"}],"wp:featuredmedia":[{"embeddable":true,"href":"https:\/\/www.europesays.com\/pt\/wp-json\/wp\/v2\/media\/111196"}],"wp:attachment":[{"href":"https:\/\/www.europesays.com\/pt\/wp-json\/wp\/v2\/media?parent=111195"}],"wp:term":[{"taxonomy":"category","embeddable":true,"href":"https:\/\/www.europesays.com\/pt\/wp-json\/wp\/v2\/categories?post=111195"},{"taxonomy":"post_tag","embeddable":true,"href":"https:\/\/www.europesays.com\/pt\/wp-json\/wp\/v2\/tags?post=111195"}],"curies":[{"name":"wp","href":"https:\/\/api.w.org\/{rel}","templated":true}]}}