{"id":111201,"date":"2025-10-15T00:09:09","date_gmt":"2025-10-15T00:09:09","guid":{"rendered":"https:\/\/www.europesays.com\/pt\/111201\/"},"modified":"2025-10-15T00:09:09","modified_gmt":"2025-10-15T00:09:09","slug":"felipe-selau-ex-ator-de-malhacao-e-encontrado-morto-em-sp","status":"publish","type":"post","link":"https:\/\/www.europesays.com\/pt\/111201\/","title":{"rendered":"Felipe Selau, ex-ator de Malha\u00e7\u00e3o, \u00e9 encontrado morto em SP"},"content":{"rendered":"<p>Felipe Selau, ator e produtor que participou da novela &#8220;Malha\u00e7\u00e3o&#8221; em 2014, foi encontrado sem vida em seu apartamento em S\u00e3o Paulo nesta ter\u00e7a-feira (14\/10). A confirma\u00e7\u00e3o veio atrav\u00e9s de um v\u00eddeo publicado por sua irm\u00e3, Priscila Back Selau, jogadora do Cruzeiro, em suas redes sociais. Uma per\u00edcia realizada no local identificou a presen\u00e7a de antidepressivos no local.<\/p>\n<p>O artista, que tamb\u00e9m utilizava o nome art\u00edstico Felipe C\u00e9u, j\u00e1 apresentava comportamentos que geraram preocupa\u00e7\u00e3o desde a semana passada, quando ficou ausente do trabalho por dias. O chefe de Felipe na Chilli Beans, onde ele trabalhava como produtor executivo, entrou em contato com a fam\u00edlia ap\u00f3s n\u00e3o conseguir comunica\u00e7\u00e3o com ele.<\/p>\n<p>&#8220;Semana passada, o chefe dele me mandou mensagem no Insta pedindo meu n\u00famero, na mesma hora ele me ligou, me perguntando se eu sabia alguma coisa do F\u00ea porque ele j\u00e1 estava desde o dia anterior tentando falar e n\u00e3o respondia. Ele tinha ido no apartamento dele, bateu l\u00e1 e ningu\u00e9m respondeu&#8221;, explicou Priscila no Instagram.<\/p>\n<p>Na primeira ocorr\u00eancia, foi necess\u00e1rio contratar um chaveiro para entrar no apartamento. &#8220;Falei com outro amigo do F\u00ea, consegui liberar pra ele subir, consegui liberar o chaveiro. Quando o chaveiro entrou, o meu irm\u00e3o estava deitado na cama dormindo, na verdade estava dopado, n\u00e3o conseguia parar acordado. Ele foi melhorando aos poucos e voltando ao normal&#8221;, contou a irm\u00e3.<\/p>\n<p>O comportamento voltou a se repetir no \u00faltimo fim de semana. No s\u00e1bado (11\/10), Felipe conversou com sua m\u00e3e e informou que iria ao teatro. A partir de domingo (12\/10), ele parou de responder mensagens e liga\u00e7\u00f5es dos familiares.<\/p>\n<p>Uma funcion\u00e1ria do pr\u00e9dio verificou o apartamento no in\u00edcio da semana. &#8220;Pedi pra recepcionista do pr\u00e9dio dele bater na porta, ela bateu e algu\u00e9m respondeu, perguntando quem era&#8221;, relatou Priscila, que ficou temporariamente tranquila ao saber que o irm\u00e3o havia respondido.<\/p>\n<p>Nesta ter\u00e7a-feira (14\/10), com a persist\u00eancia da falta de comunica\u00e7\u00e3o, a fam\u00edlia acionou novamente um chaveiro. &#8220;Mas hoje a gente continuava sem resposta. Chamamos novamente um chaveiro e quando ele entrou, n\u00e3o conseguiu empurrar a porta porque meu irm\u00e3o estava ca\u00eddo na porta&#8221;, descreveu a irm\u00e3.<\/p>\n<p>Priscila detalhou o momento da descoberta: &#8220;Chamaram os bombeiros, a pol\u00edcia, e quando entraram, meu irm\u00e3o j\u00e1 estava sem vida. Fizeram a per\u00edcia, encontraram algumas coisas no apartamento dele, inclusive antidepressivo, s\u00f3 que n\u00e3o sei o que aconteceu&#8221;.<\/p>\n<blockquote class=\"instagram-media\" style=\"background: #FFF; border: 0; border-radius: 3px; box-shadow: 0 0 1px 0 rgba(0,0,0,0.5),0 1px 10px 0 rgba(0,0,0,0.15); margin: 1px; max-width: 540px; min-width: 326px; padding: 0; width: calc(100% - 2px);\" data-instgrm-captioned=\"\" data-instgrm-permalink=\"https:\/\/www.instagram.com\/reel\/DPzIXHwEWze\/?utm_source=ig_embed&amp;utm_campaign=loading\" data-instgrm-version=\"14\"><p>&#13;<br \/>\n&#13;\n<\/p><\/blockquote>\n<p>A causa exata da morte ainda est\u00e1 sendo investigada pelas autoridades.\u00a0<\/p>\n<p>Al\u00e9m de sua participa\u00e7\u00e3o em &#8220;Malha\u00e7\u00e3o&#8221; em 2014, Felipe Selau tamb\u00e9m integrou o elenco do &#8220;MasterChef&#8221; durante uma temporada especial do reality culin\u00e1rio realizada durante a pandemia.<\/p>\n<p>            <script async src=\"\/\/www.instagram.com\/embed.js\"><\/script><\/p>\n","protected":false},"excerpt":{"rendered":"Felipe Selau, ator e produtor que participou da novela &#8220;Malha\u00e7\u00e3o&#8221; em 2014, foi encontrado sem vida em seu&hellip;\n","protected":false},"author":2,"featured_media":111202,"comment_status":"","ping_status":"","sticky":false,"template":"","format":"standard","meta":{"footnotes":""},"categories":[142],"tags":[114,115,1437,32,33,151],"class_list":{"0":"post-111201","1":"post","2":"type-post","3":"status-publish","4":"format-standard","5":"has-post-thumbnail","7":"category-tv","8":"tag-entertainment","9":"tag-entretenimento","10":"tag-morte","11":"tag-portugal","12":"tag-pt","13":"tag-tv"},"share_on_mastodon":{"url":"","error":""},"_links":{"self":[{"href":"https:\/\/www.europesays.com\/pt\/wp-json\/wp\/v2\/posts\/111201","targetHints":{"allow":["GET"]}}],"collection":[{"href":"https:\/\/www.europesays.com\/pt\/wp-json\/wp\/v2\/posts"}],"about":[{"href":"https:\/\/www.europesays.com\/pt\/wp-json\/wp\/v2\/types\/post"}],"author":[{"embeddable":true,"href":"https:\/\/www.europesays.com\/pt\/wp-json\/wp\/v2\/users\/2"}],"replies":[{"embeddable":true,"href":"https:\/\/www.europesays.com\/pt\/wp-json\/wp\/v2\/comments?post=111201"}],"version-history":[{"count":0,"href":"https:\/\/www.europesays.com\/pt\/wp-json\/wp\/v2\/posts\/111201\/revisions"}],"wp:featuredmedia":[{"embeddable":true,"href":"https:\/\/www.europesays.com\/pt\/wp-json\/wp\/v2\/media\/111202"}],"wp:attachment":[{"href":"https:\/\/www.europesays.com\/pt\/wp-json\/wp\/v2\/media?parent=111201"}],"wp:term":[{"taxonomy":"category","embeddable":true,"href":"https:\/\/www.europesays.com\/pt\/wp-json\/wp\/v2\/categories?post=111201"},{"taxonomy":"post_tag","embeddable":true,"href":"https:\/\/www.europesays.com\/pt\/wp-json\/wp\/v2\/tags?post=111201"}],"curies":[{"name":"wp","href":"https:\/\/api.w.org\/{rel}","templated":true}]}}