{"id":111212,"date":"2025-10-15T00:19:21","date_gmt":"2025-10-15T00:19:21","guid":{"rendered":"https:\/\/www.europesays.com\/pt\/111212\/"},"modified":"2025-10-15T00:19:21","modified_gmt":"2025-10-15T00:19:21","slug":"primeiro-ministro-frances-anuncia-suspensao-da-reforma-das-pensoes-para-evitar-nova-queda-do-governo-expresso","status":"publish","type":"post","link":"https:\/\/www.europesays.com\/pt\/111212\/","title":{"rendered":"Primeiro-ministro franc\u00eas anuncia suspens\u00e3o da reforma das pens\u00f5es para evitar nova queda do Governo &#8211; Expresso"},"content":{"rendered":"<ol>\n<li><a href=\"https:\/\/news.google.com\/rss\/articles\/CBMi_AFBVV95cUxNWmdKRTMta2JxeUNDQnBWa0dyVEp5bDhkb0xreVdmX0NlRW51b1h4c0dkSmVxWW05TklNT3R4SjRGZE9MZ180WnVIbGdWc1V2NWNCVmlhLUpfc2JTMlRnbFFwVVdXQlhZMTlYTGotaEpncEQ4ZnE3N0ZLSlVKYTIxNTI0TG16X2RoMk5sY3ZOd1FHdFJxcUkzNWNzaXJ3cUNkajhWei1uNS1ndUhWMjlmcmxPNm1fSmJ3SlVqZk01a2NPNmVnN0VHMGpLT2FyQlNjUUpEYnhXZzZGOFQwTnU1bDdKbzkzZDU1dDNkalZ5OWFUdE51VnpTbXZZTHPSAYICQVVfeXFMT3VsV2hacVRHZm01MHk3RVhYVGxlaGcxbUhWS1Fja3lKMG1tS0tiQlRUVHFWaFh0bFU1MGNtRVBJZ05WcUdyQjBMQjNjME12bEY5dVZvLVhzSmFmOEVfb0JSdmVIYXI0MFFlV0ItdEllRDlHWXpKNE5ocG8xQjFEaFlSX0xJa3FaajVmLWhObDJhTHZTdHZ3clZOTE40Qy13QlN5eDFZWEdxdFVMWVg0MHZqb3lBOHlSOWluWm1XUDFQNTN2WG1QQjVoODF3Y1ZEekpqc3JBaVVtVXVFNG84aFVKbDU0WEFLSzlwRDlVa0ZPTUVVMEY0a202Q3RYSEQ3SkRn?oc=5\" target=\"_blank\" rel=\"nofollow noopener\">Primeiro-ministro franc\u00eas anuncia suspens\u00e3o da reforma das pens\u00f5es para evitar nova queda do Governo<\/a>&nbsp;&nbsp;Expresso<\/li>\n<li><a href=\"https:\/\/news.google.com\/rss\/articles\/CBMizgFBVV95cUxOeEhhbmg2YTVrWElXeThuWnNfMmNuMzhEYWJ3SkN3YzF2OUlaSjIwNkhXZmViSlpjdmFWMU9wNEtJQzVmbnR0OXJXS0JvTVFSNmJsb1pEeTRlUy1RVEh5bndneWpQZVRvNFk5WUtDMFpqVWpUQlpMYXJkQ2dxTHZzcGtuMFhuRjl2SFhiV29yRjlCQWVCdVBLaTRWSENnV1RpeklWUTZsQTEyWWRkd2YwV21lLTVsTFZGYnBfWVlVUWFfUC1DWmdHNHhuWW9RUdIB0wFBVV95cUxPMFR0T2xyMGlZVENJenNpZ1E2UERDRG5kTVZvUmVJdW13eXhkV1ZYanZydUx4RklCd1RERmxhSTRNbzRNRlNfa21LOVF3RGs3bkpYTDVpYU82ck55M25VN2ZTNklQWGpWb3RwNmFBMThQMmVWUE1GazRjdGNCcEs3d3A1ekZXNWUxS0VmNzlWS1kySC1qTy15cnBJam9URVRvbGhJdW92eVo3MXFMTU1fYm5BcWFmUGdmVk5CZy1lSTllNFE3QzZvMHRTQmFmSkpvSmZB?oc=5\" target=\"_blank\" rel=\"nofollow noopener\">Macron cede, e Fran\u00e7a suspende reforma da Previd\u00eancia at\u00e9 elei\u00e7\u00e3o presidencial de 2027<\/a>&nbsp;&nbsp;Folha de S.Paulo<\/li>\n<li><a href=\"https:\/\/news.google.com\/rss\/articles\/CBMikwJBVV95cUxNcFhVSXA5NzZjbkRaczZrVjJKV1VDYjB0c0dZbzQ4SkYzOTNfc2h5dzhsU3ZnSW9jN0JPVTd5S1RDTmwyOXQ3QndhN1d6clh1WW44RC1qVVhJUFZ1aFd4Rm85Ry1uOUk4TXZMMHlKMWk0Wkd5TndPb3owSTF2bnM4TjQxYUhUaC1VT3dzd1pwazAxZG4talgyU2Z3V2tjVDEyUTFtNTJMMnM4aWI1T0lyWXBEOWtiNnNmV3UtOFcwMUgxTDh4ZU1TSmJqaEdTaFgtbnlnQmZBdGExcWN5YmxWZmNqbUE2N0VaelRzeVpoV1huazdTZ2lybE1paXVrcFJBdWxYbDM3eXdfbnoxUUQwS2N0NA?oc=5\" target=\"_blank\" rel=\"nofollow noopener\">Nobel de Economia franc\u00eas alerta para risco de chegada da extrema direita ao poder na Fran\u00e7a<\/a>&nbsp;&nbsp;Terra<\/li>\n<li><a href=\"https:\/\/news.google.com\/rss\/articles\/CBMizwFBVV95cUxNNHJncGNsa2tsNDdDWWxpb3JZWVRTeWRBaXNqd2paQ25pQklNczNISVZ5cGhqOXQ1dmVGVUlJU2QzOWRSRWFNUDJWbU5HUW0wWUNDZ0R4NlRXbmVQdmcwV283SzQ5SmowY2VZTENVMzBHUS1ZdEpJdU5UdjlzX192MFgxZHdkdWRIYlFKTWxQUTFyTzZsaEVoaS1Zc0c5b1FleGhuaXBBVmpoS2s4aUE1N1B2VVNoV3lqb3g1c0dEV2NNZ29jLTF0Ulc0TTFLd00?oc=5\" target=\"_blank\" rel=\"nofollow noopener\">Primeiro-ministro da Fran\u00e7a sugere suspender reforma da previd\u00eancia para superar crise pol\u00edtica<\/a>&nbsp;&nbsp;CartaCapital<\/li>\n<li><a href=\"https:\/\/news.google.com\/rss\/articles\/CBMi2AFBVV95cUxNYTJIVnUtNzFhbkhnME8yemxjT1lEZUhZU3hnUlI1NzdNVExaWjk3S1ZIYklMLUtUY2J1WXMzN0VIWV83dmVqYWxDbzhMekZkYk1VbTZSeU9XRzRyakNBbXNvc2sxaC1vUmlQMzFhdU95N1F4MGRKZ01TUm15XzFlUHVRUnEtajIxZjFmbkl6cko5dnVEYlFXTHRkOE16YXZVSzdTVUo3N3RiTW1sdERfdFZuczE0NWk0QlVXSW1ueFF5VG9ocTZmN0Q4WURkR2lmcThHR01GdHXSAecBQVVfeXFMTUhsSy1lRkxIbGRjd3IyTTNsMUhoMFZDeEM0RmcyRE9fcEdwcmhoR05LdlJCRXVlTEFaMUNGandkM1NJbndGR1FjVTk1bW9GS2x6TEFlWWdBNUR4Zl8xRHZ0QjJVTTFvQ1ByMS1UQk02Q2ttUmQ0Z0lKTXg1ajVrdHRxcV9zcU9aNDFhMnVMb3RZVXR4Y2dXTloxQWY2cjVvdm8zSURZbUV1eGthUHZ4UXVTNnpjcUFFV3MxYTktV3BWMDJoTDJBcERfWkd3Z01xN2VKYmZxSG5ZcFJyamkyMGZCSFRPX280?oc=5\" target=\"_blank\" rel=\"nofollow noopener\">Premi\u00ea da Fran\u00e7a prop\u00f5e suspens\u00e3o da reforma previdenci\u00e1ria em busca de apoio para or\u00e7amento<\/a>&nbsp;&nbsp;Valor Econ\u00f4mico<\/li>\n<\/ol>\n","protected":false},"excerpt":{"rendered":"Primeiro-ministro franc\u00eas anuncia suspens\u00e3o da reforma das pens\u00f5es para evitar nova queda do Governo&nbsp;&nbsp;Expresso Macron cede, e Fran\u00e7a&hellip;\n","protected":false},"author":2,"featured_media":109680,"comment_status":"","ping_status":"","sticky":false,"template":"","format":"standard","meta":{"footnotes":""},"categories":[8],"tags":[27,28,15,16,14,25,26,21,22,12,13,19,20,32,23,24,33,17,18,29,30,31],"class_list":{"0":"post-111212","1":"post","2":"type-post","3":"status-publish","4":"format-standard","5":"has-post-thumbnail","7":"category-principais-noticias","8":"tag-breaking-news","9":"tag-breakingnews","10":"tag-featured-news","11":"tag-featurednews","12":"tag-headlines","13":"tag-latest-news","14":"tag-latestnews","15":"tag-main-news","16":"tag-mainnews","17":"tag-news","18":"tag-noticias","19":"tag-noticias-principais","20":"tag-noticiasprincipais","21":"tag-portugal","22":"tag-principais-noticias","23":"tag-principaisnoticias","24":"tag-pt","25":"tag-top-stories","26":"tag-topstories","27":"tag-ultimas","28":"tag-ultimas-noticias","29":"tag-ultimasnoticias"},"share_on_mastodon":{"url":"","error":""},"_links":{"self":[{"href":"https:\/\/www.europesays.com\/pt\/wp-json\/wp\/v2\/posts\/111212","targetHints":{"allow":["GET"]}}],"collection":[{"href":"https:\/\/www.europesays.com\/pt\/wp-json\/wp\/v2\/posts"}],"about":[{"href":"https:\/\/www.europesays.com\/pt\/wp-json\/wp\/v2\/types\/post"}],"author":[{"embeddable":true,"href":"https:\/\/www.europesays.com\/pt\/wp-json\/wp\/v2\/users\/2"}],"replies":[{"embeddable":true,"href":"https:\/\/www.europesays.com\/pt\/wp-json\/wp\/v2\/comments?post=111212"}],"version-history":[{"count":0,"href":"https:\/\/www.europesays.com\/pt\/wp-json\/wp\/v2\/posts\/111212\/revisions"}],"wp:featuredmedia":[{"embeddable":true,"href":"https:\/\/www.europesays.com\/pt\/wp-json\/wp\/v2\/media\/109680"}],"wp:attachment":[{"href":"https:\/\/www.europesays.com\/pt\/wp-json\/wp\/v2\/media?parent=111212"}],"wp:term":[{"taxonomy":"category","embeddable":true,"href":"https:\/\/www.europesays.com\/pt\/wp-json\/wp\/v2\/categories?post=111212"},{"taxonomy":"post_tag","embeddable":true,"href":"https:\/\/www.europesays.com\/pt\/wp-json\/wp\/v2\/tags?post=111212"}],"curies":[{"name":"wp","href":"https:\/\/api.w.org\/{rel}","templated":true}]}}