{"id":111221,"date":"2025-10-15T00:28:22","date_gmt":"2025-10-15T00:28:22","guid":{"rendered":"https:\/\/www.europesays.com\/pt\/111221\/"},"modified":"2025-10-15T00:28:22","modified_gmt":"2025-10-15T00:28:22","slug":"o-padrao-que-conquistou-diana-chaves-e-que-devia-estar-no-teu-guarda-roupa","status":"publish","type":"post","link":"https:\/\/www.europesays.com\/pt\/111221\/","title":{"rendered":"O padr\u00e3o que conquistou Diana Chaves e que devia estar no teu guarda-roupa"},"content":{"rendered":"<p>Depois de uma temporada marcada por v\u00e1rias Fashion Weeks, de <a href=\"https:\/\/versa.iol.pt\/semana-da-moda-de-nova-iorque\/moda\/tendencias-para-2026-os-grandes-destaques-na-semana-da-moda-de-nova-iorque\/20250917\/68cad51fd34e58bc6795daea\" rel=\"nofollow noopener\" target=\"_blank\">Nova Iorque<\/a> a <a href=\"https:\/\/versa.iol.pt\/semana-da-moda-de-milao\/tendencias\/do-amarelo-aos-casacos-dramaticos-as-tendencias-da-semana-de-moda-de-milao\/20251004\/68dd46cfd34ee0c2fed0c471\" rel=\"nofollow noopener\" target=\"_blank\">Mil\u00e3o<\/a> e at\u00e9 \u00e0 <a href=\"https:\/\/versa.iol.pt\/modalisboa\/moda\/modalisboa-e-o-street-style-que-prova-que-2025-e-tudo-menos-um-ano-minimalista\/20251006\/68e39ebed34ee0c2fed0ec65\" rel=\"nofollow noopener\" target=\"_blank\">ModaLisboa<\/a>, as tend\u00eancias que dominaram as semanas de moda come\u00e7am a ganhar vida fora dos desfiles, seja no dia a dia, nas ruas ou, claro, nas redes sociais. Uma das mais fortes tem sido, sem d\u00favida, a <a href=\"https:\/\/versa.iol.pt\/cristina-ferreira\/riscas\/a-maior-tendencia-do-outono-foi-aprovada-por-cristina-ferreira-e-custa-menos-de-20-euros\/20251010\/68e7e00ad34ee0c2fed113fb\" rel=\"nofollow noopener\" target=\"_blank\">tend\u00eancia das riscas e quadrados.<\/a><\/p>\n<p>O estampado xadrez, <a href=\"https:\/\/versa.iol.pt\/roupa\/estampado\/o-estampado-de-camisa-que-tem-de-ir-para-o-teu-guarda-roupa-ja\/20251002\/68dbc9bbd34ee0c2fed0b5d4\" rel=\"nofollow noopener\" target=\"_blank\">com ra\u00edzes profundas na cultura escocesa, regressa como uma das grandes apostas da temporada outono\/inverno 2025-2026<\/a>. Originalmente associado \u00e0s classes escocesas, o <a href=\"https:\/\/versa.iol.pt\/mango-outlet\/vestido\/sim-a-mango-outlet-tem-o-vestido-tendencia-para-o-outono-a-4-99-euros\/20250919\/68cd1bccd34e58bc6795eb9c\" rel=\"nofollow noopener\" target=\"_blank\">tartan caracteriza-se pelos seus padr\u00f5es geom\u00e9tricos compostos por linhas horizontais e verticais em diferentes cores<\/a>, um cl\u00e1ssico que atravessa s\u00e9culos e continua a reinventar-se. Este outono, surge em saias plissadas, camisas oversized, casacos longos e at\u00e9 vestidos com silhuetas modernas.<\/p>\n<p>E parece que n\u00e3o somos os \u00fanicos rendidos ao padr\u00e3o. <a href=\"https:\/\/versa.iol.pt\/diana-chaves\/zara\/da-zara-a-h-m-o-look-tendencia-de-diana-chaves-que-vais-querer-copiar\/20251008\/68e680fbd34e58bc6796a910\" rel=\"nofollow noopener\" target=\"_blank\">Diana Chaves tamb\u00e9m tem apostado em v\u00e1rios looks tend\u00eancia<\/a>\u00a0e um em particular chamou-nos a aten\u00e7\u00e3o. Recentemente, a atriz surgiu no seu programa com um vestido ao quadrados pretos e brancos da marca Seroya, dispon\u00edvel na Revolve por \u20ac397. A pe\u00e7a destaca-se pelo padr\u00e3o em tons neutros, o corte sem mangas e a saia bal\u00e3o curta, que lhe confere um ar moderno e delicado.<\/p>\n<p>Com um design leve e estruturado, \u00e9 o tipo de modelo que combina tanto com uns t\u00e9nis num look mais descontra\u00eddo, como com saltos altos para um resultado mais elegante.<\/p>\n<p>Se tamb\u00e9m te apaixonaste pelo look de Diana Chaves, deixamos na galeria algumas op\u00e7\u00f5es semelhantes que recriam a tend\u00eancia a pre\u00e7os mais acess\u00edveis, como o vestido curto caicai xadrez vichy da Zara (\u20ac29,95) ou o modelo com parte inferior abalonada e padr\u00e3o quadriculado da H&amp;M (\u20ac29,99).<\/p>\n<p>Do xadrez mais cl\u00e1ssico ao corte bal\u00e3o mais irreverente, estas pe\u00e7as provam que a tend\u00eancia chegou para ficar e promete ser uma das favoritas deste outono.<\/p>\n","protected":false},"excerpt":{"rendered":"Depois de uma temporada marcada por v\u00e1rias Fashion Weeks, de Nova Iorque a Mil\u00e3o e at\u00e9 \u00e0 ModaLisboa,&hellip;\n","protected":false},"author":2,"featured_media":111222,"comment_status":"","ping_status":"","sticky":false,"template":"","format":"standard","meta":{"footnotes":""},"categories":[85],"tags":[1081,204,13986,114,115,26349,754,186,1079,32,33,1083,1078,1080,26350],"class_list":{"0":"post-111221","1":"post","2":"type-post","3":"status-publish","4":"format-standard","5":"has-post-thumbnail","7":"category-entretenimento","8":"tag-beleza","9":"tag-design","10":"tag-diana-chaves","11":"tag-entertainment","12":"tag-entretenimento","13":"tag-estampado","14":"tag-gastronomia","15":"tag-lifestyle","16":"tag-moda","17":"tag-portugal","18":"tag-pt","19":"tag-tendencia","20":"tag-versa","21":"tag-viagens","22":"tag-xadrez"},"share_on_mastodon":{"url":"","error":""},"_links":{"self":[{"href":"https:\/\/www.europesays.com\/pt\/wp-json\/wp\/v2\/posts\/111221","targetHints":{"allow":["GET"]}}],"collection":[{"href":"https:\/\/www.europesays.com\/pt\/wp-json\/wp\/v2\/posts"}],"about":[{"href":"https:\/\/www.europesays.com\/pt\/wp-json\/wp\/v2\/types\/post"}],"author":[{"embeddable":true,"href":"https:\/\/www.europesays.com\/pt\/wp-json\/wp\/v2\/users\/2"}],"replies":[{"embeddable":true,"href":"https:\/\/www.europesays.com\/pt\/wp-json\/wp\/v2\/comments?post=111221"}],"version-history":[{"count":0,"href":"https:\/\/www.europesays.com\/pt\/wp-json\/wp\/v2\/posts\/111221\/revisions"}],"wp:featuredmedia":[{"embeddable":true,"href":"https:\/\/www.europesays.com\/pt\/wp-json\/wp\/v2\/media\/111222"}],"wp:attachment":[{"href":"https:\/\/www.europesays.com\/pt\/wp-json\/wp\/v2\/media?parent=111221"}],"wp:term":[{"taxonomy":"category","embeddable":true,"href":"https:\/\/www.europesays.com\/pt\/wp-json\/wp\/v2\/categories?post=111221"},{"taxonomy":"post_tag","embeddable":true,"href":"https:\/\/www.europesays.com\/pt\/wp-json\/wp\/v2\/tags?post=111221"}],"curies":[{"name":"wp","href":"https:\/\/api.w.org\/{rel}","templated":true}]}}