{"id":111223,"date":"2025-10-15T00:30:32","date_gmt":"2025-10-15T00:30:32","guid":{"rendered":"https:\/\/www.europesays.com\/pt\/111223\/"},"modified":"2025-10-15T00:30:32","modified_gmt":"2025-10-15T00:30:32","slug":"jeronimo-martins-compra-grupo-luis-vicente","status":"publish","type":"post","link":"https:\/\/www.europesays.com\/pt\/111223\/","title":{"rendered":"Jer\u00f3nimo Martins compra Grupo Lu\u00eds Vicente"},"content":{"rendered":"<p>        O grupo Lu\u00eds Vicente diz que est\u00e1 garantida a manuten\u00e7\u00e3o integral dos postos de trabalho e assegura a continuidade da atividade.    <\/p>\n<p>A Jer\u00f3nimo Martins assinou um acordo de compra do Grupo Lu\u00eds Vicente.<\/p>\n<p>O NuviGroup, holding internacional de investimentos com presen\u00e7a relevante em Angola e Portugal, anunciou esta ter\u00e7a-feira, 14 de outubro, ter alcan\u00e7ado um acordo para a venda da sua unidade dedicada ao setor hortofrut\u00edcola, operada pela Lu\u00eds Vicente (LV) em Portugal, \u00e0 Jer\u00f3nimo Martins Agro (JMA), empresa do Grupo Jer\u00f3nimo Martins especializada no setor agroalimentar.<\/p>\n<p>O Jornal Econ\u00f3mico tinha avan\u00e7ado em primeira m\u00e3o que o grupo Lu\u00eds Vicente estava \u00e0 venda e tinha sido contratada a PwC para receber as propostas.<\/p>\n<p>A concretiza\u00e7\u00e3o do acordo de venda assinado hoje est\u00e1 ainda sujeita a determinadas condi\u00e7\u00f5es, nomeadamente a aprova\u00e7\u00e3o da Autoridade da Concorr\u00eancia.<\/p>\n<p>O grupo Lu\u00eds Vicente diz que est\u00e1 garantida a manuten\u00e7\u00e3o integral dos postos de trabalho e assegura a continuidade da atividade da LV, \u201cagora sob a lideran\u00e7a de um parceiro de refer\u00eancia, com vasta experi\u00eancia e ambi\u00e7\u00e3o neste setor\u201d.<\/p>\n<p>O valor do neg\u00f3cio n\u00e3o foi revelado.<\/p>\n<p>Em comunicado o grupo Lu\u00eds Vicente revela que \u201ca transa\u00e7\u00e3o enquadra-se na estrat\u00e9gia de focaliza\u00e7\u00e3o do Nuvigroup nos neg\u00f3cios onde det\u00e9m maior vantagem competitiva e potencial de crescimento: a ind\u00fastria de bebidas (Grupo Refriango) e o retalho alimentar (Supermercados Arreiou)\u201d.<\/p>\n<p>\u201cEste reposicionamento d\u00e1 in\u00edcio a um novo ciclo de crescimento, sustentado por investimentos em curso e planos de expans\u00e3o internacional\u201d, acrescenta o grupo.<\/p>\n<p>O Grupo diz ainda que refor\u00e7a a sua presen\u00e7a industrial atrav\u00e9s da Refriango \u2014 empresa de bebidas l\u00edder em Angola com marcas de refer\u00eancia e parcerias globais \u2014 que est\u00e1 a expandir-se para novos mercados, e prepara a duplica\u00e7\u00e3o da sua rede de retalho alimentar, de 200 para 400 lojas.<\/p>\n<p>\u201cEsta decis\u00e3o reflete a nossa estrat\u00e9gia de refor\u00e7ar o foco nas \u00e1reas onde o Nuvigroup tem maior vantagem competitiva e potencial de crescimento\u201d, segundo Diogo Caldas, Administrador Executivo do Nuvigroup.<\/p>\n<p>\u201cEstamos a preparar a empresa para um novo ciclo, com investimentos que consolidam a nossa presen\u00e7a em mercados estrat\u00e9gicos e asseguram um desenvolvimento sustent\u00e1vel no longo prazo\u201d, acrescenta.<\/p>\n<p>Diogo Caldas diz ainda que \u201cestamos confiantes de que, integrada na Jer\u00f3nimo Martins Agro, a sua atividade continuar\u00e1 a trilhar um caminho de sucesso e crescimento, abrindo novas oportunidades para todos\u201d.<\/p>\n<p>Com esta opera\u00e7\u00e3o, o\u00a0Nuvigroup\u00a0garante que \u201cinicia um novo cap\u00edtulo focado na expans\u00e3o e consolida\u00e7\u00e3o dos seus neg\u00f3cios estrat\u00e9gicos, refor\u00e7ando o seu compromisso com a cria\u00e7\u00e3o de valor sustent\u00e1vel para os seus acionistas, colaboradores e para as comunidades onde opera\u201d.<\/p>\n","protected":false},"excerpt":{"rendered":"O grupo Lu\u00eds Vicente diz que est\u00e1 garantida a manuten\u00e7\u00e3o integral dos postos de trabalho e assegura a&hellip;\n","protected":false},"author":2,"featured_media":111224,"comment_status":"","ping_status":"","sticky":false,"template":"","format":"standard","meta":{"footnotes":""},"categories":[83],"tags":[88,89,90,19781,26351,32,33],"class_list":{"0":"post-111223","1":"post","2":"type-post","3":"status-publish","4":"format-standard","5":"has-post-thumbnail","7":"category-empresas","8":"tag-business","9":"tag-economy","10":"tag-empresas","11":"tag-grupo-jeronimo-martins","12":"tag-grupo-luis-vicente","13":"tag-portugal","14":"tag-pt"},"share_on_mastodon":{"url":"","error":""},"_links":{"self":[{"href":"https:\/\/www.europesays.com\/pt\/wp-json\/wp\/v2\/posts\/111223","targetHints":{"allow":["GET"]}}],"collection":[{"href":"https:\/\/www.europesays.com\/pt\/wp-json\/wp\/v2\/posts"}],"about":[{"href":"https:\/\/www.europesays.com\/pt\/wp-json\/wp\/v2\/types\/post"}],"author":[{"embeddable":true,"href":"https:\/\/www.europesays.com\/pt\/wp-json\/wp\/v2\/users\/2"}],"replies":[{"embeddable":true,"href":"https:\/\/www.europesays.com\/pt\/wp-json\/wp\/v2\/comments?post=111223"}],"version-history":[{"count":0,"href":"https:\/\/www.europesays.com\/pt\/wp-json\/wp\/v2\/posts\/111223\/revisions"}],"wp:featuredmedia":[{"embeddable":true,"href":"https:\/\/www.europesays.com\/pt\/wp-json\/wp\/v2\/media\/111224"}],"wp:attachment":[{"href":"https:\/\/www.europesays.com\/pt\/wp-json\/wp\/v2\/media?parent=111223"}],"wp:term":[{"taxonomy":"category","embeddable":true,"href":"https:\/\/www.europesays.com\/pt\/wp-json\/wp\/v2\/categories?post=111223"},{"taxonomy":"post_tag","embeddable":true,"href":"https:\/\/www.europesays.com\/pt\/wp-json\/wp\/v2\/tags?post=111223"}],"curies":[{"name":"wp","href":"https:\/\/api.w.org\/{rel}","templated":true}]}}