{"id":111225,"date":"2025-10-15T00:33:19","date_gmt":"2025-10-15T00:33:19","guid":{"rendered":"https:\/\/www.europesays.com\/pt\/111225\/"},"modified":"2025-10-15T00:33:19","modified_gmt":"2025-10-15T00:33:19","slug":"oe2026-carneiro-vai-propor-a-comissao-politica-do-ps-abstencao-na-generalidade-2","status":"publish","type":"post","link":"https:\/\/www.europesays.com\/pt\/111225\/","title":{"rendered":"OE2026. Carneiro vai propor \u00e0 Comiss\u00e3o Pol\u00edtica do PS absten\u00e7\u00e3o na generalidade"},"content":{"rendered":"<p>&#13;<br \/>\nEsta reuni\u00e3o do \u00f3rg\u00e3o do partido vai decorrer esta noite na sede do PS, em Lisboa, depois de o l\u00edder socialista ter estado a ouvir o grupo parlamentar precisamente sobre a proposta or\u00e7amental entregue a semana passada pelo Governo na Assembleia da Rep\u00fablica.&#13;\n<\/p>\n<p>A Comiss\u00e3o Pol\u00edtica Nacional do PS debate esta ter\u00e7a-feira os resultados aut\u00e1rquicos e posi\u00e7\u00e3o sobre OE2026<br \/>\n          <img decoding=\"async\" itemprop=\"image\" class=\"img-fluid\"   src=\"https:\/\/www.europesays.com\/pt\/wp-content\/uploads\/2025\/10\/67107ae3e9ef0c97af3972b8fa236247_N.jpg\"\/><\/p>\n<p> Quando a proposta foi entregue, ainda durante a campanha para as aut\u00e1rquicas, <b>Jos\u00e9 Lu\u00eds Carneiro j\u00e1 tinha aberto a porta \u00e0 viabiliza\u00e7\u00e3o do OE2026, assegurando ent\u00e3o que respeitaria e honraria a palavra que deu aos portugueses de &#8220;contribuir para a estabilidade pol\u00edtica&#8221;.<\/b><\/p>\n<p><b><br \/>&#13;<br \/>\nNum com\u00edcio em Braga na quinta-feira, o l\u00edder do PS assegurou que vai &#8220;contribuir para a estabilidade pol\u00edtica&#8221;<\/b> no debate do Or\u00e7amento do Estado para 2026, mas insistiu na necessidade de aumentar as pens\u00f5es mais baixas &#8220;de forma duradoura e estrutural&#8221;.<\/p>\n<p>Jos\u00e9 Lu\u00eds Carneiro decidiu ouvir a Comiss\u00e3o Pol\u00edtica Nacional do PS sobre a decis\u00e3o final a tomar quanto ao OE2026, servindo a reuni\u00e3o desta noite tamb\u00e9m para analisar os resultados eleitorais das elei\u00e7\u00f5es aut\u00e1rquicas de domingo.&#13;<\/p>\n","protected":false},"excerpt":{"rendered":"&#13; Esta reuni\u00e3o do \u00f3rg\u00e3o do partido vai decorrer esta noite na sede do PS, em Lisboa, depois&hellip;\n","protected":false},"author":2,"featured_media":111226,"comment_status":"","ping_status":"","sticky":false,"template":"","format":"standard","meta":{"footnotes":""},"categories":[8],"tags":[27,28,15,16,14,25,26,21,22,12,13,19,20,32,23,24,33,420,421,17,18,29,30,31],"class_list":{"0":"post-111225","1":"post","2":"type-post","3":"status-publish","4":"format-standard","5":"has-post-thumbnail","7":"category-principais-noticias","8":"tag-breaking-news","9":"tag-breakingnews","10":"tag-featured-news","11":"tag-featurednews","12":"tag-headlines","13":"tag-latest-news","14":"tag-latestnews","15":"tag-main-news","16":"tag-mainnews","17":"tag-news","18":"tag-noticias","19":"tag-noticias-principais","20":"tag-noticiasprincipais","21":"tag-portugal","22":"tag-principais-noticias","23":"tag-principaisnoticias","24":"tag-pt","25":"tag-rtp","26":"tag-rtp-noticias","27":"tag-top-stories","28":"tag-topstories","29":"tag-ultimas","30":"tag-ultimas-noticias","31":"tag-ultimasnoticias"},"share_on_mastodon":{"url":"","error":""},"_links":{"self":[{"href":"https:\/\/www.europesays.com\/pt\/wp-json\/wp\/v2\/posts\/111225","targetHints":{"allow":["GET"]}}],"collection":[{"href":"https:\/\/www.europesays.com\/pt\/wp-json\/wp\/v2\/posts"}],"about":[{"href":"https:\/\/www.europesays.com\/pt\/wp-json\/wp\/v2\/types\/post"}],"author":[{"embeddable":true,"href":"https:\/\/www.europesays.com\/pt\/wp-json\/wp\/v2\/users\/2"}],"replies":[{"embeddable":true,"href":"https:\/\/www.europesays.com\/pt\/wp-json\/wp\/v2\/comments?post=111225"}],"version-history":[{"count":0,"href":"https:\/\/www.europesays.com\/pt\/wp-json\/wp\/v2\/posts\/111225\/revisions"}],"wp:featuredmedia":[{"embeddable":true,"href":"https:\/\/www.europesays.com\/pt\/wp-json\/wp\/v2\/media\/111226"}],"wp:attachment":[{"href":"https:\/\/www.europesays.com\/pt\/wp-json\/wp\/v2\/media?parent=111225"}],"wp:term":[{"taxonomy":"category","embeddable":true,"href":"https:\/\/www.europesays.com\/pt\/wp-json\/wp\/v2\/categories?post=111225"},{"taxonomy":"post_tag","embeddable":true,"href":"https:\/\/www.europesays.com\/pt\/wp-json\/wp\/v2\/tags?post=111225"}],"curies":[{"name":"wp","href":"https:\/\/api.w.org\/{rel}","templated":true}]}}