{"id":11123,"date":"2025-08-01T03:58:12","date_gmt":"2025-08-01T03:58:12","guid":{"rendered":"https:\/\/www.europesays.com\/pt\/11123\/"},"modified":"2025-08-01T03:58:12","modified_gmt":"2025-08-01T03:58:12","slug":"samuel-ganha-poder-apos-decisao-de-rosa","status":"publish","type":"post","link":"https:\/\/www.europesays.com\/pt\/11123\/","title":{"rendered":"Samuel ganha poder ap\u00f3s decis\u00e3o de Rosa"},"content":{"rendered":"<p>Nos pr\u00f3ximos cap\u00edtulos de <a href=\"https:\/\/natelinha.uol.com.br\/novelas\/dona-de-mim\" rel=\"nofollow noopener\" target=\"_blank\">Dona de Mim<\/a>, Rosa (<a href=\"https:\/\/natelinha.uol.com.br\/famosos\/tudo-sobre\/suely-franco\" rel=\"nofollow noopener\" target=\"_blank\">Suely Franco<\/a>) tomar\u00e1 uma medida jur\u00eddica para preservar os bens da fam\u00edlia ap\u00f3s ser diagnosticada com Alzheimer. A personagem nomear\u00e1 Samuel (<a href=\"https:\/\/natelinha.uol.com.br\/famosos\/tudo-sobre\/juan-paiva\" rel=\"nofollow noopener\" target=\"_blank\">Juan Paiva<\/a>) como curador legal e repassar\u00e1 parte das a\u00e7\u00f5es da Boaz para a neta Sofia (<a href=\"https:\/\/natelinha.uol.com.br\/famosos\/tudo-sobre\/elis-cabral\" rel=\"nofollow noopener\" target=\"_blank\">Elis Cabral<\/a>). A iniciativa busca conter o avan\u00e7o de Jaques (<a href=\"https:\/\/natelinha.uol.com.br\/famosos\/tudo-sobre\/marcello-novaes\" rel=\"nofollow noopener\" target=\"_blank\">Marcello Novaes<\/a>) no controle da empresa fundada por Abel (<a href=\"https:\/\/natelinha.uol.com.br\/famosos\/tudo-sobre\/tony-ramos\" rel=\"nofollow noopener\" target=\"_blank\">Tony Ramos<\/a>).<\/p>\n<p>A decis\u00e3o ser\u00e1 tomada ap\u00f3s uma s\u00e9rie de exames realizados por Rosa, incluindo avalia\u00e7\u00e3o cognitiva e resson\u00e2ncia magn\u00e9tica. Os resultados apontar\u00e3o que a doen\u00e7a est\u00e1 em fase inicial, mas j\u00e1 afeta a mem\u00f3ria e outras fun\u00e7\u00f5es. A m\u00e9dica Let\u00edcia (Kizi Vaz) explicar\u00e1 \u00e0 paciente que, apesar dos sintomas, ela ainda tem autonomia para tomar decis\u00f5es legais, como a transfer\u00eancia de bens e a indica\u00e7\u00e3o de um curador.<\/p>\n<p>+\u00a0<a href=\"https:\/\/natelinha.uol.com.br\/novelas\/2025\/07\/31\/dona-de-mim-jaques-acaba-com-farsa-e-livra-sobrinho-de-golpista-entenda-229249.php\" target=\"_blank\" rel=\"noopener noreferrer nofollow\">Dona de Mim: Jaques acaba com farsa e livra sobrinho de golpista; entenda<\/a><\/p>\n<p>continua depois da publicidade<\/p>\n<p>Na consulta, Rosa questionar\u00e1 se tem condi\u00e7\u00f5es legais de definir o neto como respons\u00e1vel por suas decis\u00f5es financeiras e realizar a doa\u00e7\u00e3o para Sofia. Ap\u00f3s a confirma\u00e7\u00e3o m\u00e9dica, ela decidir\u00e1 seguir adiante com o plano. Acompanhada por sua advogada, ir\u00e1 a um cart\u00f3rio para formalizar a documenta\u00e7\u00e3o.<\/p>\n<p>No local, a matriarca assinar\u00e1 os pap\u00e9is que concedem a Samuel autoridade sobre sua curadoria e transferem metade das a\u00e7\u00f5es da empresa para a neta. A inten\u00e7\u00e3o da personagem \u00e9 impedir que Jaques, j\u00e1 no comando da presid\u00eancia da Boaz, amplie sua influ\u00eancia sobre o restante do patrim\u00f4nio.<\/p>\n<p>continua depois da publicidade<\/p>\n<p>Jaques sofrer\u00e1 baque em Dona de Mim<\/p>\n<p><img decoding=\"async\" src=\"https:\/\/www.europesays.com\/pt\/wp-content\/uploads\/2025\/08\/globo-dona-de-mim-jaques-vai-tomar-presidencia-boaz_9909.jpeg\" alt=\"imagem-texto\"\/><\/p>\n<p>A movimenta\u00e7\u00e3o ocorre em meio a uma crise familiar. Ap\u00f3s a morte de Abel, Jaques assumiu o controle da f\u00e1brica e provocou a sa\u00edda de Sofia da casa da av\u00f3. A jovem passar\u00e1 a viver sob a tutela de Leo (Clara Moneke), enquanto Rosa lida com o agravamento da doen\u00e7a e a instabilidade no n\u00facleo familiar.<\/p>\n<p>+\u00a0<a href=\"https:\/\/natelinha.uol.com.br\/novelas\/2025\/07\/31\/dona-de-mim-barbara-surge-no-noivado-de-marlon-nao-ia-me-convidar-pro-casamento-229248.php\" target=\"_blank\" rel=\"noopener noreferrer nofollow\">Dona de Mim: B\u00e1rbara surge no noivado de Marlon: &#8220;N\u00e3o ia me convidar pro casamento?&#8221;<\/a><\/p>\n<p>Com base no laudo m\u00e9dico, a m\u00e9dica ainda orientar\u00e1 a idosa a manter uma rotina de est\u00edmulos mentais e f\u00edsicos, o que pode retardar o avan\u00e7o do Alzheimer. Rosa afirmar\u00e1 que sua decis\u00e3o \u00e9 baseada na realidade que vive e na necessidade de garantir o futuro dos netos.<\/p>\n<p>continua depois da publicidade<\/p>\n<p><strong>Confira os resumos da semana das outras novelas:<\/strong><\/p>\n<p>O\u00a0<strong>NaTelinha<\/strong>\u00a0divulga todos os dias os\u00a0<a href=\"https:\/\/natelinha.uol.com.br\/novelas\" rel=\"nofollow noopener\" target=\"_blank\"><strong>resumos dos cap\u00edtulos<\/strong><\/a>, detalhes dos personagens, entrevistas exclusivas com o elenco e spoiler da novela Dona de Mim.<\/p>\n<p><strong>Assista ao\u00a0v\u00eddeo de abertura da novela das sete:\u00a0<\/strong><\/p>\n<p>                                <img decoding=\"async\" alt=\"Imagem da thumbnail do v\u00eddeo\" src=\"https:\/\/www.europesays.com\/pt\/wp-content\/uploads\/2025\/07\/hqdefault.jpg\" class=\"play-video\"\/><\/p>\n","protected":false},"excerpt":{"rendered":"Nos pr\u00f3ximos cap\u00edtulos de Dona de Mim, Rosa (Suely Franco) tomar\u00e1 uma medida jur\u00eddica para preservar os bens&hellip;\n","protected":false},"author":2,"featured_media":11124,"comment_status":"","ping_status":"","sticky":false,"template":"","format":"standard","meta":{"footnotes":""},"categories":[142],"tags":[4776,1718,114,115,4775,1719,32,33,1720,151],"class_list":{"0":"post-11123","1":"post","2":"type-post","3":"status-publish","4":"format-standard","5":"has-post-thumbnail","7":"category-tv","8":"tag-abel-dona-de-mim","9":"tag-dona-de-mim","10":"tag-entertainment","11":"tag-entretenimento","12":"tag-filipa-dona-de-mim","13":"tag-leona-dona-de-mim","14":"tag-portugal","15":"tag-pt","16":"tag-samuel-dona-de-mim","17":"tag-tv"},"share_on_mastodon":{"url":"","error":""},"_links":{"self":[{"href":"https:\/\/www.europesays.com\/pt\/wp-json\/wp\/v2\/posts\/11123","targetHints":{"allow":["GET"]}}],"collection":[{"href":"https:\/\/www.europesays.com\/pt\/wp-json\/wp\/v2\/posts"}],"about":[{"href":"https:\/\/www.europesays.com\/pt\/wp-json\/wp\/v2\/types\/post"}],"author":[{"embeddable":true,"href":"https:\/\/www.europesays.com\/pt\/wp-json\/wp\/v2\/users\/2"}],"replies":[{"embeddable":true,"href":"https:\/\/www.europesays.com\/pt\/wp-json\/wp\/v2\/comments?post=11123"}],"version-history":[{"count":0,"href":"https:\/\/www.europesays.com\/pt\/wp-json\/wp\/v2\/posts\/11123\/revisions"}],"wp:featuredmedia":[{"embeddable":true,"href":"https:\/\/www.europesays.com\/pt\/wp-json\/wp\/v2\/media\/11124"}],"wp:attachment":[{"href":"https:\/\/www.europesays.com\/pt\/wp-json\/wp\/v2\/media?parent=11123"}],"wp:term":[{"taxonomy":"category","embeddable":true,"href":"https:\/\/www.europesays.com\/pt\/wp-json\/wp\/v2\/categories?post=11123"},{"taxonomy":"post_tag","embeddable":true,"href":"https:\/\/www.europesays.com\/pt\/wp-json\/wp\/v2\/tags?post=11123"}],"curies":[{"name":"wp","href":"https:\/\/api.w.org\/{rel}","templated":true}]}}