{"id":111235,"date":"2025-10-15T00:40:15","date_gmt":"2025-10-15T00:40:15","guid":{"rendered":"https:\/\/www.europesays.com\/pt\/111235\/"},"modified":"2025-10-15T00:40:15","modified_gmt":"2025-10-15T00:40:15","slug":"victor-froholdt-apenas-pode-trocar-os-dragoes-por-um-clube-em-2025-26","status":"publish","type":"post","link":"https:\/\/www.europesays.com\/pt\/111235\/","title":{"rendered":"Victor Froholdt apenas pode trocar os drag\u00f5es por um clube em 2025\/26"},"content":{"rendered":"<p>&#8211; Advertisement &#8211;<\/p>\n<p><strong>Victor Froholdt est\u00e1 a chamar a aten\u00e7\u00e3o de v\u00e1rios clubes da Europa, mas o jogador dever\u00e1 manter-se no FC Porto por mais algum tempo.<\/strong><\/p>\n<p>Victor Froholdt tem sido um dos destaques do futebol nacional no come\u00e7o desta temporada, sendo um membro fundamental para o FC Porto de <a href=\"https:\/\/bolanarede.pt\/etiqueta\/francesco-farioli\/\" target=\"_blank\" rel=\"noreferrer noopener nofollow\">Francesco Farioli<\/a>. O jovem j\u00e1 est\u00e1 a ser apontado a emblemas como o Brighton ou o Atl\u00e9tico Madrid, mas a sua sa\u00edda do Drag\u00e3o em 2025\/26 \u00e9 quase imposs\u00edvel.<\/p>\n<p>O dinamarqu\u00eas fez um encontro pelo Copenhaga antes de rumar ao Drag\u00e3o, o que faz com o jogador n\u00e3o possa representar outro emblema na presente temporada. De acordo com a norma, um jogador pode ser inscrito em tr\u00eas ocasi\u00f5es na mesma \u00e9poca, mas somente pode jogar com dois clubes.<\/p>\n<p>Assim sendo, Victor Froholdt em janeiro poder\u00e1 somente trocar o FC Porto pelo Copenhaga, algo que parece praticamente imposs\u00edvel. Esta lei n\u00e3o se aplica a mercados de pa\u00edses que come\u00e7am as suas temporadas em janeiro, tal como o Brasil, mas o dinamarqu\u00eas n\u00e3o pensar\u00e1 em abandonar a Europa.<\/p>\n","protected":false},"excerpt":{"rendered":"&#8211; Advertisement &#8211; Victor Froholdt est\u00e1 a chamar a aten\u00e7\u00e3o de v\u00e1rios clubes da Europa, mas o jogador&hellip;\n","protected":false},"author":2,"featured_media":111236,"comment_status":"","ping_status":"","sticky":false,"template":"","format":"standard","meta":{"footnotes":""},"categories":[87],"tags":[260,135,282,32,33,134,26352],"class_list":{"0":"post-111235","1":"post","2":"type-post","3":"status-publish","4":"format-standard","5":"has-post-thumbnail","7":"category-desporto","8":"tag-atualidade","9":"tag-desporto","10":"tag-fc-porto","11":"tag-portugal","12":"tag-pt","13":"tag-sports","14":"tag-victor-froholt"},"share_on_mastodon":{"url":"","error":""},"_links":{"self":[{"href":"https:\/\/www.europesays.com\/pt\/wp-json\/wp\/v2\/posts\/111235","targetHints":{"allow":["GET"]}}],"collection":[{"href":"https:\/\/www.europesays.com\/pt\/wp-json\/wp\/v2\/posts"}],"about":[{"href":"https:\/\/www.europesays.com\/pt\/wp-json\/wp\/v2\/types\/post"}],"author":[{"embeddable":true,"href":"https:\/\/www.europesays.com\/pt\/wp-json\/wp\/v2\/users\/2"}],"replies":[{"embeddable":true,"href":"https:\/\/www.europesays.com\/pt\/wp-json\/wp\/v2\/comments?post=111235"}],"version-history":[{"count":0,"href":"https:\/\/www.europesays.com\/pt\/wp-json\/wp\/v2\/posts\/111235\/revisions"}],"wp:featuredmedia":[{"embeddable":true,"href":"https:\/\/www.europesays.com\/pt\/wp-json\/wp\/v2\/media\/111236"}],"wp:attachment":[{"href":"https:\/\/www.europesays.com\/pt\/wp-json\/wp\/v2\/media?parent=111235"}],"wp:term":[{"taxonomy":"category","embeddable":true,"href":"https:\/\/www.europesays.com\/pt\/wp-json\/wp\/v2\/categories?post=111235"},{"taxonomy":"post_tag","embeddable":true,"href":"https:\/\/www.europesays.com\/pt\/wp-json\/wp\/v2\/tags?post=111235"}],"curies":[{"name":"wp","href":"https:\/\/api.w.org\/{rel}","templated":true}]}}