{"id":111241,"date":"2025-10-15T00:46:08","date_gmt":"2025-10-15T00:46:08","guid":{"rendered":"https:\/\/www.europesays.com\/pt\/111241\/"},"modified":"2025-10-15T00:46:08","modified_gmt":"2025-10-15T00:46:08","slug":"adolescente-morto-a-tiro-foi-abandonado-na-rua-por-amigo","status":"publish","type":"post","link":"https:\/\/www.europesays.com\/pt\/111241\/","title":{"rendered":"Adolescente morto a tiro foi abandonado na rua por amigo"},"content":{"rendered":"<p>O crime aconteceu perto das 23 horas e o jovem caiu prostrado na pacata Rua Maria Matos, onde apenas existem moradias. De acordo com o testemunho da mulher que passeava o c\u00e3o, os dois rapazes caminhavam na sua dire\u00e7\u00e3o, quando a v\u00edtima caiu. O amigo que o apoiava pediu \u00e0 mulher que telefonasse ao 112. Nada mais disse e fugiu.<\/p>\n<p data-remotead-prev-elm=\"true\" data-remotead-elm-id=\"inread\">Acorreram os bombeiros da corpora\u00e7\u00e3o Sul e Sueste do Barreiro, mas apesar das manobras de reanima\u00e7\u00e3o, o \u00f3bito foi declarado no local pela equipa de socorro do INEM. A v\u00edtima, entretanto j\u00e1 identificada pelas autoridades, apenas tinha nos bolsos a chave de casa e um telem\u00f3vel.<\/p>\n<p>A PSP acorreu ao local, procurou eventuais suspeitos nas imedia\u00e7\u00f5es e preservou o local do crime para a PJ de Set\u00fabal recolher vest\u00edgios. O corpo da v\u00edtima foi depois transportado para a morgue, onde ser\u00e1 autopsiado.<\/p>\n<p data-remotead-prev-elm=\"true\" data-remotead-elm-id=\"centro1\">O aparato levou os moradores a assistir ao caso a partir das janelas. Carlos Gomes, 69 anos, disse ao JN que ouviu os pedidos de ajuda. &#8220;Vi um jovem no ch\u00e3o. A minha vizinha junto dele e um terceiro a gritar para chamar uma ambul\u00e2ncia. Depois fugiu e os bombeiros chegaram&#8221;.<\/p>\n<p>A PJ de Set\u00fabal investiga o crime, que poder\u00e1 ter acontecido perto do local onde o jovem, de ascend\u00eancia africana, faleceu. O homic\u00eddio pode ter sido cometido perto de um caf\u00e9, onde se encontravam v\u00e1rios grupos de pessoas para assistir ao jogo de apuramento de Cabo Verde, para o Mundial de futebol.<\/p>\n<p data-remotead-prev-elm=\"true\" data-remotead-elm-id=\"centro2\">Durante a manh\u00e3 desta segunda-feira, inspetores da brigada de homic\u00eddios da PJ recolheram o depoimento da moradora, de 19 anos, que passeava o c\u00e3o e alertou as autoridades, ap\u00f3s ser abordada pela v\u00edtima e amigo.<\/p>\n","protected":false},"excerpt":{"rendered":"O crime aconteceu perto das 23 horas e o jovem caiu prostrado na pacata Rua Maria Matos, onde&hellip;\n","protected":false},"author":2,"featured_media":111242,"comment_status":"","ping_status":"","sticky":false,"template":"","format":"standard","meta":{"footnotes":""},"categories":[10],"tags":[11974,27,28,15,16,14,5564,603,25,26,21,22,12,13,19,20,26353,32,23,24,33,17,18,29,30,31],"class_list":{"0":"post-111241","1":"post","2":"type-post","3":"status-publish","4":"format-standard","5":"has-post-thumbnail","7":"category-portugal","8":"tag-barreiro","9":"tag-breaking-news","10":"tag-breakingnews","11":"tag-featured-news","12":"tag-featurednews","13":"tag-headlines","14":"tag-homicidio","15":"tag-justica","16":"tag-latest-news","17":"tag-latestnews","18":"tag-main-news","19":"tag-mainnews","20":"tag-news","21":"tag-noticias","22":"tag-noticias-principais","23":"tag-noticiasprincipais","24":"tag-pj-setubal","25":"tag-portugal","26":"tag-principais-noticias","27":"tag-principaisnoticias","28":"tag-pt","29":"tag-top-stories","30":"tag-topstories","31":"tag-ultimas","32":"tag-ultimas-noticias","33":"tag-ultimasnoticias"},"share_on_mastodon":{"url":"","error":""},"_links":{"self":[{"href":"https:\/\/www.europesays.com\/pt\/wp-json\/wp\/v2\/posts\/111241","targetHints":{"allow":["GET"]}}],"collection":[{"href":"https:\/\/www.europesays.com\/pt\/wp-json\/wp\/v2\/posts"}],"about":[{"href":"https:\/\/www.europesays.com\/pt\/wp-json\/wp\/v2\/types\/post"}],"author":[{"embeddable":true,"href":"https:\/\/www.europesays.com\/pt\/wp-json\/wp\/v2\/users\/2"}],"replies":[{"embeddable":true,"href":"https:\/\/www.europesays.com\/pt\/wp-json\/wp\/v2\/comments?post=111241"}],"version-history":[{"count":0,"href":"https:\/\/www.europesays.com\/pt\/wp-json\/wp\/v2\/posts\/111241\/revisions"}],"wp:featuredmedia":[{"embeddable":true,"href":"https:\/\/www.europesays.com\/pt\/wp-json\/wp\/v2\/media\/111242"}],"wp:attachment":[{"href":"https:\/\/www.europesays.com\/pt\/wp-json\/wp\/v2\/media?parent=111241"}],"wp:term":[{"taxonomy":"category","embeddable":true,"href":"https:\/\/www.europesays.com\/pt\/wp-json\/wp\/v2\/categories?post=111241"},{"taxonomy":"post_tag","embeddable":true,"href":"https:\/\/www.europesays.com\/pt\/wp-json\/wp\/v2\/tags?post=111241"}],"curies":[{"name":"wp","href":"https:\/\/api.w.org\/{rel}","templated":true}]}}