{"id":111251,"date":"2025-10-15T00:55:14","date_gmt":"2025-10-15T00:55:14","guid":{"rendered":"https:\/\/www.europesays.com\/pt\/111251\/"},"modified":"2025-10-15T00:55:14","modified_gmt":"2025-10-15T00:55:14","slug":"nao-ganho-nada-por-falar-sobre-isso","status":"publish","type":"post","link":"https:\/\/www.europesays.com\/pt\/111251\/","title":{"rendered":"\u00abN\u00e3o ganho nada por falar sobre isso\u00bb"},"content":{"rendered":"<p>&#8211; Advertisement &#8211;<\/p>\n<p><strong>Alan Varela concedeu uma entrevista. O m\u00e9dio est\u00e1 a ser um dos pilares do FC Porto, o primeiro classificado da Primeira Liga, nesta \u00e9poca. <\/strong><\/p>\n<p>Alan Varela foi entrevistado pelo jornal A Bola. O m\u00e9dio argentino, pilar dos drag\u00f5es nesta \u00e9poca, foi confrontado com a amea\u00e7a de uma queixa sobre si depois de um lance com Vangelis Pavlidis no Cl\u00e1ssico. <\/p>\n<p>\u00abCada um tem a sua opini\u00e3o. Houve muitas jogadas em que talvez n\u00e3o tenham sido assinaladas faltas a nosso favor, mas esse jogo j\u00e1 \u00e9 passado. N\u00e3o ganho nada por falar sobre isso. Temos de pensar no pr\u00f3ximo jogo. V\u00eam a\u00ed muitas partidas fora de casa e temos de estar muito concentrados, para ganharmos todas\u00bb, destacou o m\u00e9dio. <\/p>\n<p>L\u00ea <a href=\"https:\/\/bolanarede.pt\/etiqueta\/alan-varela\/\" target=\"_blank\" rel=\"noreferrer noopener nofollow\">mais declara\u00e7\u00f5es de Alan Varela<\/a> em entrevista. <\/p>\n","protected":false},"excerpt":{"rendered":"&#8211; Advertisement &#8211; Alan Varela concedeu uma entrevista. O m\u00e9dio est\u00e1 a ser um dos pilares do FC&hellip;\n","protected":false},"author":2,"featured_media":111252,"comment_status":"","ping_status":"","sticky":false,"template":"","format":"standard","meta":{"footnotes":""},"categories":[87],"tags":[21430,260,51,135,282,32,479,33,134],"class_list":{"0":"post-111251","1":"post","2":"type-post","3":"status-publish","4":"format-standard","5":"has-post-thumbnail","7":"category-desporto","8":"tag-alan-varela","9":"tag-atualidade","10":"tag-benfica","11":"tag-desporto","12":"tag-fc-porto","13":"tag-portugal","14":"tag-primeira-liga","15":"tag-pt","16":"tag-sports"},"share_on_mastodon":{"url":"","error":""},"_links":{"self":[{"href":"https:\/\/www.europesays.com\/pt\/wp-json\/wp\/v2\/posts\/111251","targetHints":{"allow":["GET"]}}],"collection":[{"href":"https:\/\/www.europesays.com\/pt\/wp-json\/wp\/v2\/posts"}],"about":[{"href":"https:\/\/www.europesays.com\/pt\/wp-json\/wp\/v2\/types\/post"}],"author":[{"embeddable":true,"href":"https:\/\/www.europesays.com\/pt\/wp-json\/wp\/v2\/users\/2"}],"replies":[{"embeddable":true,"href":"https:\/\/www.europesays.com\/pt\/wp-json\/wp\/v2\/comments?post=111251"}],"version-history":[{"count":0,"href":"https:\/\/www.europesays.com\/pt\/wp-json\/wp\/v2\/posts\/111251\/revisions"}],"wp:featuredmedia":[{"embeddable":true,"href":"https:\/\/www.europesays.com\/pt\/wp-json\/wp\/v2\/media\/111252"}],"wp:attachment":[{"href":"https:\/\/www.europesays.com\/pt\/wp-json\/wp\/v2\/media?parent=111251"}],"wp:term":[{"taxonomy":"category","embeddable":true,"href":"https:\/\/www.europesays.com\/pt\/wp-json\/wp\/v2\/categories?post=111251"},{"taxonomy":"post_tag","embeddable":true,"href":"https:\/\/www.europesays.com\/pt\/wp-json\/wp\/v2\/tags?post=111251"}],"curies":[{"name":"wp","href":"https:\/\/api.w.org\/{rel}","templated":true}]}}