{"id":111255,"date":"2025-10-15T00:57:23","date_gmt":"2025-10-15T00:57:23","guid":{"rendered":"https:\/\/www.europesays.com\/pt\/111255\/"},"modified":"2025-10-15T00:57:23","modified_gmt":"2025-10-15T00:57:23","slug":"flavio-furtado-defendeu-castigo-a-fabio-cristina-ferreira-cortou-a-palavra","status":"publish","type":"post","link":"https:\/\/www.europesays.com\/pt\/111255\/","title":{"rendered":"Fl\u00e1vio Furtado defendeu castigo a F\u00e1bio, Cristina Ferreira &#8220;cortou&#8221; a palavra"},"content":{"rendered":"<p><a href=\"https:\/\/tvi.iol.pt\/secretstory\" rel=\"nofollow noopener\" target=\"_blank\">Secret Story<\/a>: Fl\u00e1vio Furtado defendeu castigo a F\u00e1bio, Cristina Ferreira \u201ccortou\u201d a palavra, durante a gala de ontem.<\/p>\n<p>Pol\u00e9mica dentro da casa mais vigiada do pa\u00eds<\/p>\n<p>O Secret Story voltou a estar no centro da pol\u00e9mica. Durante um momento captado pelas c\u00e2maras, F\u00e1bio tocou nas partes \u00edntimas de Marisa sem o consentimento da concorrente. O incidente rapidamente gerou indigna\u00e7\u00e3o dentro e fora da casa, com rea\u00e7\u00f5es intensas nas redes sociais.<\/p>\n<p>Al\u00e9m disso, o epis\u00f3dio motivou debates acesos entre os comentadores do programa e os f\u00e3s, que pedem consequ\u00eancias para o concorrente envolvido.<\/p>\n<p>Fl\u00e1vio Furtado pede castigo exemplar<\/p>\n<p>Durante a gala de domingo, 12 de outubro, Fl\u00e1vio Furtado abordou o tema em direto. O comentador n\u00e3o poupou cr\u00edticas e deixou claro que o comportamento de F\u00e1bio n\u00e3o deve passar impune. <strong>\u201cO F\u00e1bio, por mim, merecia esta semana ser castigado \u2013 por tudo e mais alguma coisa, mas, sobretudo, pela situa\u00e7\u00e3o do ovo. Isto pode parecer populismo, mas quando ele diz \u2018se eu soubesse que eram os limites dela n\u00e3o o teria feito\u2019. Eu acho que, no que diz respeito ao \u2018pipi\u2019 n\u00e3o h\u00e1 limites, \u00e9 como as opini\u00f5es, todos temos uma e damos a quem queremos\u201d<\/strong>, afirmou, de forma contundente.<\/p>\n<p>Com esta declara\u00e7\u00e3o, Fl\u00e1vio expressou o desagrado partilhado por muitos espectadores, que consideram o comportamento de F\u00e1bio inaceit\u00e1vel e exigem uma resposta mais firme por parte da produ\u00e7\u00e3o.<\/p>\n<p>Cristina Ferreira interrompe o coment\u00e1rio<\/p>\n<p>No entanto, o momento gerou desconforto em est\u00fadio. Cristina Ferreira, que conduzia a gala, apressou-se a interromper a interven\u00e7\u00e3o de Fl\u00e1vio Furtado. A apresentadora afirmou: <strong>\u201cO epis\u00f3dio est\u00e1 esclarecido entre eles, est\u00e1 tudo certo\u201d<\/strong>, tentando encerrar o assunto e evitar prolongar a discuss\u00e3o em direto.<\/p>\n<p>Mesmo assim, a tentativa de apaziguar a situa\u00e7\u00e3o n\u00e3o convenceu muitos telespectadores, que continuam a manifestar a sua revolta nas redes sociais, pedindo uma postura mais firme da produ\u00e7\u00e3o do reality show.<\/p>\n<p><a href=\"https:\/\/news.google.com\/publications\/CAAqBwgKMKfIoAswtNK4Aw\" target=\"_blank\" rel=\"noopener noreferrer nofollow\"><img loading=\"lazy\" data-lazyloaded=\"1\" width=\"481\" height=\"161\" decoding=\"async\" src=\"\/wp-content\/uploads\/2024\/02\/GN_siganos.png\" alt=\"Siga-nos no Google News\" style=\"margin-top:20px;\"\/><\/a><\/p>\n","protected":false},"excerpt":{"rendered":"Secret Story: Fl\u00e1vio Furtado defendeu castigo a F\u00e1bio, Cristina Ferreira \u201ccortou\u201d a palavra, durante a gala de ontem.&hellip;\n","protected":false},"author":2,"featured_media":98512,"comment_status":"","ping_status":"","sticky":false,"template":"","format":"standard","meta":{"footnotes":""},"categories":[85],"tags":[2632,166,114,115,15559,32,33],"class_list":{"0":"post-111255","1":"post","2":"type-post","3":"status-publish","4":"format-standard","5":"has-post-thumbnail","7":"category-entretenimento","8":"tag-casa-dos-segredos","9":"tag-cristina-ferreira","10":"tag-entertainment","11":"tag-entretenimento","12":"tag-flavio-furtado","13":"tag-portugal","14":"tag-pt"},"share_on_mastodon":{"url":"","error":""},"_links":{"self":[{"href":"https:\/\/www.europesays.com\/pt\/wp-json\/wp\/v2\/posts\/111255","targetHints":{"allow":["GET"]}}],"collection":[{"href":"https:\/\/www.europesays.com\/pt\/wp-json\/wp\/v2\/posts"}],"about":[{"href":"https:\/\/www.europesays.com\/pt\/wp-json\/wp\/v2\/types\/post"}],"author":[{"embeddable":true,"href":"https:\/\/www.europesays.com\/pt\/wp-json\/wp\/v2\/users\/2"}],"replies":[{"embeddable":true,"href":"https:\/\/www.europesays.com\/pt\/wp-json\/wp\/v2\/comments?post=111255"}],"version-history":[{"count":0,"href":"https:\/\/www.europesays.com\/pt\/wp-json\/wp\/v2\/posts\/111255\/revisions"}],"wp:featuredmedia":[{"embeddable":true,"href":"https:\/\/www.europesays.com\/pt\/wp-json\/wp\/v2\/media\/98512"}],"wp:attachment":[{"href":"https:\/\/www.europesays.com\/pt\/wp-json\/wp\/v2\/media?parent=111255"}],"wp:term":[{"taxonomy":"category","embeddable":true,"href":"https:\/\/www.europesays.com\/pt\/wp-json\/wp\/v2\/categories?post=111255"},{"taxonomy":"post_tag","embeddable":true,"href":"https:\/\/www.europesays.com\/pt\/wp-json\/wp\/v2\/tags?post=111255"}],"curies":[{"name":"wp","href":"https:\/\/api.w.org\/{rel}","templated":true}]}}