{"id":111260,"date":"2025-10-15T01:06:08","date_gmt":"2025-10-15T01:06:08","guid":{"rendered":"https:\/\/www.europesays.com\/pt\/111260\/"},"modified":"2025-10-15T01:06:08","modified_gmt":"2025-10-15T01:06:08","slug":"liliana-faz-revelacao-e-fabio-fica-incredulo","status":"publish","type":"post","link":"https:\/\/www.europesays.com\/pt\/111260\/","title":{"rendered":"Liliana faz revela\u00e7\u00e3o e F\u00e1bio fica incr\u00e9dulo"},"content":{"rendered":"<p>\t\t\t\t\t\t\t\t\t\t\t\t\t\tLiliana e F\u00e1bio est\u00e3o a conhecer-se na \u201cCasa dos Segredos\u201d e os mist\u00e9rios do passado de cada um \u00e9 tema frequente.<\/p>\n<p>Nesta ter\u00e7a-feira, 14 de outubro, a concorrente voltou a tentar \u201csacar\u201d informa\u00e7\u00f5es sobre o segredo de F\u00e1bio e acabou por tentar provocar o colega.<\/p>\n<p>Liliana come\u00e7ou por questionar F\u00e1bio sobre a sua verdadeira profiss\u00e3o: <strong>\u201cS\u00f3 n\u00e3o digas que \u00e9s \u2018stripper\u2019, por favor, que eu caio aqui para o lado\u201d<\/strong>.<\/p>\n<p>O concorrente negou: <strong>\u201cN\u00e3o sou, juro que n\u00e3o sou\u201d<\/strong> \u2013 e Liliana aproveitou o momento: <strong>\u201cMas eu sou. Sou mesmo, j\u00e1 fui. O que foi?\u201d<\/strong>.<\/p>\n<p>A jovem de 24 anos afirmou: <strong>\u201cSim, j\u00e1 fui stripper. J\u00e1 dancei pole dance. Sim [num bar], estou-te a falar a s\u00e9rio. J\u00e1 te tinha dito, h\u00e1 duas ou tr\u00eas semanas. Que j\u00e1 tinha trabalhado num bar, a servir e depois a fazer pole dance\u201d<\/strong>,<\/p>\n<p>No entanto, e como seria de esperar, tudo n\u00e3o passou de uma provoca\u00e7\u00e3o e Liliana esclareceu: <strong>\u201c\u00c9 mentira\u201d<\/strong>.<\/p>\n<p><a href=\"https:\/\/tvi.iol.pt\/secretstory\/videos\/ja-fui-stripper-liliana-revela-passado-e-deixa-fabio-em-choque\/68ee7c2f0cf285ab53a610dd\" rel=\"nofollow noopener\" target=\"_blank\">Veja o momento aqui.<\/a><\/p>\n","protected":false},"excerpt":{"rendered":"Liliana e F\u00e1bio est\u00e3o a conhecer-se na \u201cCasa dos Segredos\u201d e os mist\u00e9rios do passado de cada um&hellip;\n","protected":false},"author":2,"featured_media":111261,"comment_status":"","ping_status":"","sticky":false,"template":"","format":"standard","meta":{"footnotes":""},"categories":[142],"tags":[26354,2632,114,115,24621,24883,32,33,26355,26356,151],"class_list":{"0":"post-111260","1":"post","2":"type-post","3":"status-publish","4":"format-standard","5":"has-post-thumbnail","7":"category-tv","8":"tag-casa-de-strip","9":"tag-casa-dos-segredos","10":"tag-entertainment","11":"tag-entretenimento","12":"tag-fu00e1bio","13":"tag-liliana-oliveira","14":"tag-portugal","15":"tag-pt","16":"tag-strip","17":"tag-striptease","18":"tag-tv"},"share_on_mastodon":{"url":"","error":""},"_links":{"self":[{"href":"https:\/\/www.europesays.com\/pt\/wp-json\/wp\/v2\/posts\/111260","targetHints":{"allow":["GET"]}}],"collection":[{"href":"https:\/\/www.europesays.com\/pt\/wp-json\/wp\/v2\/posts"}],"about":[{"href":"https:\/\/www.europesays.com\/pt\/wp-json\/wp\/v2\/types\/post"}],"author":[{"embeddable":true,"href":"https:\/\/www.europesays.com\/pt\/wp-json\/wp\/v2\/users\/2"}],"replies":[{"embeddable":true,"href":"https:\/\/www.europesays.com\/pt\/wp-json\/wp\/v2\/comments?post=111260"}],"version-history":[{"count":0,"href":"https:\/\/www.europesays.com\/pt\/wp-json\/wp\/v2\/posts\/111260\/revisions"}],"wp:featuredmedia":[{"embeddable":true,"href":"https:\/\/www.europesays.com\/pt\/wp-json\/wp\/v2\/media\/111261"}],"wp:attachment":[{"href":"https:\/\/www.europesays.com\/pt\/wp-json\/wp\/v2\/media?parent=111260"}],"wp:term":[{"taxonomy":"category","embeddable":true,"href":"https:\/\/www.europesays.com\/pt\/wp-json\/wp\/v2\/categories?post=111260"},{"taxonomy":"post_tag","embeddable":true,"href":"https:\/\/www.europesays.com\/pt\/wp-json\/wp\/v2\/tags?post=111260"}],"curies":[{"name":"wp","href":"https:\/\/api.w.org\/{rel}","templated":true}]}}