{"id":111268,"date":"2025-10-15T01:13:27","date_gmt":"2025-10-15T01:13:27","guid":{"rendered":"https:\/\/www.europesays.com\/pt\/111268\/"},"modified":"2025-10-15T01:13:27","modified_gmt":"2025-10-15T01:13:27","slug":"rival-da-primor-chega-aos-centros-comerciais-e-da-um-descontao-na-primeira-compra-dois-as-10","status":"publish","type":"post","link":"https:\/\/www.europesays.com\/pt\/111268\/","title":{"rendered":"Rival da Primor chega aos centros comerciais. E d\u00e1 um descont\u00e3o na primeira compra &#8211; Dois \u00e0s 10"},"content":{"rendered":"<p>                        Uma conhecida cadeia espanhola de cosm\u00e9tica low cost abre v\u00e1rias lojas em Portugal.<\/p>\n<p>A <strong>renomada rede espanhola Druni<\/strong>, l\u00edder no mercado de cosm\u00e9ticos low cost em Espanha, est\u00e1 a expandir a sua presen\u00e7a para Portugal. Ap\u00f3s a <strong>inaugura\u00e7\u00e3o da primeira loja no Porto, em setembro<\/strong>, a marca j\u00e1 anuncia novas aberturas, incluindo uma unidade no <strong>Almada F\u00f3rum<\/strong>, com planos de crescimento ambiciosos em <strong>Braga, Viseu e na Grande Lisboa at\u00e9 2028<\/strong>. Segundo revelou \u00e0 revista <strong>Forbes Portugal<\/strong>, o investimento previsto no pa\u00eds \u00e9 de <strong>25 milh\u00f5es de euros<\/strong>.<\/p>\n<p>Com quase <strong>500 lojas em Espanha<\/strong>, a Druni conquistou os consumidores gra\u00e7as \u00e0s <strong>promo\u00e7\u00f5es flash<\/strong> e \u00e0 oferta de produtos de marcas conhecidas a pre\u00e7os acess\u00edveis. A cadeia disponibiliza atualmente mais de <strong>15 mil produtos<\/strong>, distribu\u00eddos por categorias como <strong>perfumaria, cosm\u00e9tica, maquilhagem, cuidados de cabelo e parafarm\u00e1cia<\/strong>. Entre os artigos, destacam-se os <strong>produtos virais do TikTok<\/strong>, bem como promo\u00e7\u00f5es quase di\u00e1rias que atraem os clientes mais atentos.<\/p>\n<p>Entre as <strong>marcas de prest\u00edgio<\/strong> dispon\u00edveis encontram-se <strong>Armani, Guerlain, Catrice, Carolina Herrera, Dior, Clinique, Paco Rabanne, Loewe, Est\u00e9e Lauder e The Ordinary<\/strong>, proporcionando uma experi\u00eancia de compra que combina <strong>variedade, pre\u00e7os competitivos e inova\u00e7\u00e3o no atendimento ao cliente<\/strong>.<\/p>\n<p>Para al\u00e9m das lojas f\u00edsicas, todos os produtos podem ser adquiridos <strong>online<\/strong>, com entregas em casa no prazo de <strong>24 a 48 horas<\/strong>. A marca disponibiliza ainda um <strong>desconto de 20% no primeiro pedido<\/strong>, como estrat\u00e9gia para atrair novos clientes e fidelizar consumidores.<\/p>\n","protected":false},"excerpt":{"rendered":"Uma conhecida cadeia espanhola de cosm\u00e9tica low cost abre v\u00e1rias lojas em Portugal. A renomada rede espanhola Druni,&hellip;\n","protected":false},"author":2,"featured_media":111269,"comment_status":"","ping_status":"","sticky":false,"template":"","format":"standard","meta":{"footnotes":""},"categories":[83],"tags":[88,329,166,3412,3406,3409,801,3410,3411,3407,3408,21893,89,90,3413,338,32,26357,33],"class_list":{"0":"post-111268","1":"post","2":"type-post","3":"status-publish","4":"format-standard","5":"has-post-thumbnail","7":"category-empresas","8":"tag-business","9":"tag-claudio-ramos","10":"tag-cristina-ferreira","11":"tag-dois-10","12":"tag-dois-a-s-10-dois-a-s-10","13":"tag-dois-a-s-dez","14":"tag-dois-as-10","15":"tag-dois-as-dez","16":"tag-dois-dez","17":"tag-doisas10","18":"tag-doisasdez","19":"tag-druni","20":"tag-economy","21":"tag-empresas","22":"tag-manha-tvi","23":"tag-maria-botelho-moniz","24":"tag-portugal","25":"tag-primor","26":"tag-pt"},"share_on_mastodon":{"url":"","error":""},"_links":{"self":[{"href":"https:\/\/www.europesays.com\/pt\/wp-json\/wp\/v2\/posts\/111268","targetHints":{"allow":["GET"]}}],"collection":[{"href":"https:\/\/www.europesays.com\/pt\/wp-json\/wp\/v2\/posts"}],"about":[{"href":"https:\/\/www.europesays.com\/pt\/wp-json\/wp\/v2\/types\/post"}],"author":[{"embeddable":true,"href":"https:\/\/www.europesays.com\/pt\/wp-json\/wp\/v2\/users\/2"}],"replies":[{"embeddable":true,"href":"https:\/\/www.europesays.com\/pt\/wp-json\/wp\/v2\/comments?post=111268"}],"version-history":[{"count":0,"href":"https:\/\/www.europesays.com\/pt\/wp-json\/wp\/v2\/posts\/111268\/revisions"}],"wp:featuredmedia":[{"embeddable":true,"href":"https:\/\/www.europesays.com\/pt\/wp-json\/wp\/v2\/media\/111269"}],"wp:attachment":[{"href":"https:\/\/www.europesays.com\/pt\/wp-json\/wp\/v2\/media?parent=111268"}],"wp:term":[{"taxonomy":"category","embeddable":true,"href":"https:\/\/www.europesays.com\/pt\/wp-json\/wp\/v2\/categories?post=111268"},{"taxonomy":"post_tag","embeddable":true,"href":"https:\/\/www.europesays.com\/pt\/wp-json\/wp\/v2\/tags?post=111268"}],"curies":[{"name":"wp","href":"https:\/\/api.w.org\/{rel}","templated":true}]}}