{"id":111272,"date":"2025-10-15T01:20:10","date_gmt":"2025-10-15T01:20:10","guid":{"rendered":"https:\/\/www.europesays.com\/pt\/111272\/"},"modified":"2025-10-15T01:20:10","modified_gmt":"2025-10-15T01:20:10","slug":"vera-deixa-dylan-por-ter-interesse-em-ines-a-cara-de-dylan-e-de-choque-ao-ver-imagens-secret-story","status":"publish","type":"post","link":"https:\/\/www.europesays.com\/pt\/111272\/","title":{"rendered":"Vera deixa Dylan por ter interesse em In\u00eas? A cara de Dylan \u00e9 de choque ao ver imagens &#8211; Secret Story"},"content":{"rendered":"<p>No Secret Story 9, a tens\u00e3o entre Dylan e Vera voltou a ser tema de conversa. Durante uma din\u00e2mica, a concorrente admitiu arrepender-se de ter tentado reaproximar-se do colega e confessou: \u00abO meu maior erro foi ter dado uma segunda oportunidade \u00e0 hist\u00f3ria Dylan e Vera\u00bb. No Especial, os concorrentes metem os pontos nos i&#8217;s e Vera assume interesse por In\u00eas.<\/p>\n","protected":false},"excerpt":{"rendered":"No Secret Story 9, a tens\u00e3o entre Dylan e Vera voltou a ser tema de conversa. Durante uma&hellip;\n","protected":false},"author":2,"featured_media":111273,"comment_status":"","ping_status":"","sticky":false,"template":"","format":"standard","meta":{"footnotes":""},"categories":[142],"tags":[114,115,19033,19034,32,33,151,19032],"class_list":{"0":"post-111272","1":"post","2":"type-post","3":"status-publish","4":"format-standard","5":"has-post-thumbnail","7":"category-tv","8":"tag-entertainment","9":"tag-entretenimento","10":"tag-galas-em-video","11":"tag-melhores-momentos-casa-dos-segredos","12":"tag-portugal","13":"tag-pt","14":"tag-tv","15":"tag-videos-secret-story-tvi"},"share_on_mastodon":{"url":"","error":""},"_links":{"self":[{"href":"https:\/\/www.europesays.com\/pt\/wp-json\/wp\/v2\/posts\/111272","targetHints":{"allow":["GET"]}}],"collection":[{"href":"https:\/\/www.europesays.com\/pt\/wp-json\/wp\/v2\/posts"}],"about":[{"href":"https:\/\/www.europesays.com\/pt\/wp-json\/wp\/v2\/types\/post"}],"author":[{"embeddable":true,"href":"https:\/\/www.europesays.com\/pt\/wp-json\/wp\/v2\/users\/2"}],"replies":[{"embeddable":true,"href":"https:\/\/www.europesays.com\/pt\/wp-json\/wp\/v2\/comments?post=111272"}],"version-history":[{"count":0,"href":"https:\/\/www.europesays.com\/pt\/wp-json\/wp\/v2\/posts\/111272\/revisions"}],"wp:featuredmedia":[{"embeddable":true,"href":"https:\/\/www.europesays.com\/pt\/wp-json\/wp\/v2\/media\/111273"}],"wp:attachment":[{"href":"https:\/\/www.europesays.com\/pt\/wp-json\/wp\/v2\/media?parent=111272"}],"wp:term":[{"taxonomy":"category","embeddable":true,"href":"https:\/\/www.europesays.com\/pt\/wp-json\/wp\/v2\/categories?post=111272"},{"taxonomy":"post_tag","embeddable":true,"href":"https:\/\/www.europesays.com\/pt\/wp-json\/wp\/v2\/tags?post=111272"}],"curies":[{"name":"wp","href":"https:\/\/api.w.org\/{rel}","templated":true}]}}