{"id":111274,"date":"2025-10-15T01:21:27","date_gmt":"2025-10-15T01:21:27","guid":{"rendered":"https:\/\/www.europesays.com\/pt\/111274\/"},"modified":"2025-10-15T01:21:27","modified_gmt":"2025-10-15T01:21:27","slug":"os-dois-trainees-que-quase-fizeram-parte-do-bts-mas-quase-ninguem-conhece","status":"publish","type":"post","link":"https:\/\/www.europesays.com\/pt\/111274\/","title":{"rendered":"Os dois trainees que quase fizeram parte do BTS mas quase ningu\u00e9m conhece"},"content":{"rendered":"<p>A fama do BTS j\u00e1 ultrapassou as barreiras do <a href=\"https:\/\/recreio.com.br\/tags\/k-pop\" target=\"_blank\" rel=\"noopener nofollow\">k-pop<\/a> e, atualmente, o grupo j\u00e1 se tornou um dos principais boygroups da ind\u00fastria musical internacional. Seja em conjunto, ou em seus trabalhos solo, <strong>Jin<\/strong>, <strong>RM<\/strong>, <strong>Suga, J-Hope<\/strong>, <strong>Jimin<\/strong>, <strong>V<\/strong> e <strong>Jungkook<\/strong> se transformaram em sin\u00f4nimo de sucesso mundial.<\/p>\n<p>Se voc\u00ea os acompanha h\u00e1 um tempo, j\u00e1 sabe que, na \u00e9poca de trainee, nem sempre os sete estiveram confirmados como os integrantes finais da forma\u00e7\u00e3o. Acontece que, durante os anos de treinamento, a <a href=\"https:\/\/ibighit.com\/\" target=\"_blank\" rel=\"noopener nofollow\">BigHit<\/a> avaliou diferentes aspirantes \u00e0 cantores que sonhavam em um dia ter a oportunidade de viver de m\u00fasica.<\/p>\n<p>No livro \u201cBeyond The Story\u201d, que conta um pouco mais sobre os bastidores da carreira do <a href=\"https:\/\/www.instagram.com\/bts.bighitofficial\/\" target=\"_blank\" rel=\"noopener nofollow\">BTS<\/a>, \u00e9 explicado que, em determinado momento, a empresa precisou demitir in\u00fameros trainees para conseguir bancar o valor necess\u00e1rio para o debut do boygroup \u2013 visto que, na \u00e9poca, a ag\u00eancia ainda era pequena e n\u00e3o tinha muito investimento.<\/p>\n<p>Entre os trainees que foram dispensados, estavam <strong>Kim Jihoon<\/strong> e <strong>Hwang Jihwan<\/strong>, que relembraram a \u00e9poca em uma recente entrevista ao Korea Now, comentando mais sobre seus sentimentos de perder a oportunidade de realizar seu sonho, al\u00e9m de tamb\u00e9m revelar como foi a rea\u00e7\u00e3o de alguns dos atuais membros do BTS quando eles deixaram a empresa.<\/p>\n<p>Durante a conversa, <strong>Kim<\/strong> comentou que, quando recebeu a not\u00edcia de que estava sendo dispensado, outros trainees j\u00e1 vinham sendo demitidos durante as semanas anteriores, e que ele n\u00e3o ficou surpreso em tamb\u00e9m ser um deles.<\/p>\n<p>Segundo <strong>Jihoon<\/strong>, ele conseguiu aceitar a situa\u00e7\u00e3o bem pois, durante os treinamentos, percebeu que nunca conseguiria alcan\u00e7ar o n\u00edvel de genialidade e talento de alguns outros trainees, como <a href=\"https:\/\/pt.wikipedia.org\/wiki\/BTS\" target=\"_blank\" rel=\"noopener nofollow\"><strong>Jungkook<\/strong><\/a>. <strong>Jihwan<\/strong> concordou com o colega, e disse que sua situa\u00e7\u00e3o tamb\u00e9m foi bem parecida, por\u00e9m, o foco de seu treinamento era mais vocal, e ele foi demitido logo ap\u00f3s o debut do BTS, como uma forma da empresa direcionar o or\u00e7amento para a estreia do conjunto.<\/p>\n<p><strong>Kim Jihoon<\/strong> ainda lembrou que, ap\u00f3s receber a not\u00edcia, decidiu que n\u00e3o contaria para ningu\u00e9m que estava de sa\u00edda, por\u00e9m, de alguma forma, <strong>RM<\/strong> ficou sabendo e foi question\u00e1-lo sobre o assunto. O ex-trainee explicou que os dois treinaram juntos por um ano, e que se tornaram bem pr\u00f3ximos, fazendo com que o l\u00edder do BTS ficasse chateado quando descobriu que o colega estava indo embora.<\/p>\n<blockquote>\n<p>\u201cNamjoon [RM] estava l\u00e1 por dois anos. Ele teve que ver muitos amigos indo embora. Acredito que ele estava bem chateado na \u00e9poca, e eu estava com ele 24 horas por dia, ent\u00e3o foi de quebrar o cora\u00e7\u00e3o ainda mais\u2026\u201d, relembrou. \u201cMais tarde n\u00f3s tivemos uma reuni\u00e3o juntos, tipo um encontro, e conversamos sobre o que aconteceria no futuro. Voc\u00ea [Jihwan] e eu est\u00e1vamos prestes a sermos dispensados. Eu j\u00e1 havia sido mandado embora antes, e eu lembro que Jungkook chorou quando fui embora\u201d.<\/p>\n<\/blockquote>\n<p>Atualmente, <strong>Jihoon<\/strong> trabalha como instrutor f\u00edsico em uma academia na cidade de Wonju, enquanto <strong>Jihwan<\/strong> atua como treinador vocal e professor em uma escola de artes e em uma universidade.<\/p>\n<p>Confira a entrevista completa!<\/p>\n<p>        <a href=\"https:\/\/recreio.com.br\/noticias\/author\/daniela-bazi\" rel=\"nofollow noopener\" target=\"_blank\">&#13;<br \/>\n          <img alt=\"Daniela Bazi\" src=\"https:\/\/www.europesays.com\/pt\/wp-content\/uploads\/2025\/10\/1760491287_69_701cc86240953f42e068ecf8a0bb18dadb05bc88d7e776f8edb20aaea33b4eea\"  class=\"avatar avatar-115 photo rounded-circle mr-3\" height=\"115\" width=\"115\" loading=\"lazy\" decoding=\"async\"\/>        <\/a><\/p>\n<p>Daniela Bazi \u00e9 jornalista graduada pela UNINOVE, e bruxa formada na Escola de Magia e Bruxaria de Hogwarts. Amante de anima\u00e7\u00f5es, filmes e s\u00e9ries, tamb\u00e9m \u00e9 f\u00e3 de divas pop, entusiasta da Disney e k-popper nas horas vagas.<\/p>\n<p>\t                                            <script async src=\"\/\/www.instagram.com\/embed.js\"><\/script><\/p>\n","protected":false},"excerpt":{"rendered":"A fama do BTS j\u00e1 ultrapassou as barreiras do k-pop e, atualmente, o grupo j\u00e1 se tornou um&hellip;\n","protected":false},"author":2,"featured_media":111275,"comment_status":"","ping_status":"","sticky":false,"template":"","format":"standard","meta":{"footnotes":""},"categories":[141],"tags":[6763,2344,114,115,1688,149,150,32,33],"class_list":{"0":"post-111274","1":"post","2":"type-post","3":"status-publish","4":"format-standard","5":"has-post-thumbnail","7":"category-musica","8":"tag-boygroup","9":"tag-bts","10":"tag-entertainment","11":"tag-entretenimento","12":"tag-k-pop","13":"tag-music","14":"tag-musica","15":"tag-portugal","16":"tag-pt"},"share_on_mastodon":{"url":"","error":""},"_links":{"self":[{"href":"https:\/\/www.europesays.com\/pt\/wp-json\/wp\/v2\/posts\/111274","targetHints":{"allow":["GET"]}}],"collection":[{"href":"https:\/\/www.europesays.com\/pt\/wp-json\/wp\/v2\/posts"}],"about":[{"href":"https:\/\/www.europesays.com\/pt\/wp-json\/wp\/v2\/types\/post"}],"author":[{"embeddable":true,"href":"https:\/\/www.europesays.com\/pt\/wp-json\/wp\/v2\/users\/2"}],"replies":[{"embeddable":true,"href":"https:\/\/www.europesays.com\/pt\/wp-json\/wp\/v2\/comments?post=111274"}],"version-history":[{"count":0,"href":"https:\/\/www.europesays.com\/pt\/wp-json\/wp\/v2\/posts\/111274\/revisions"}],"wp:featuredmedia":[{"embeddable":true,"href":"https:\/\/www.europesays.com\/pt\/wp-json\/wp\/v2\/media\/111275"}],"wp:attachment":[{"href":"https:\/\/www.europesays.com\/pt\/wp-json\/wp\/v2\/media?parent=111274"}],"wp:term":[{"taxonomy":"category","embeddable":true,"href":"https:\/\/www.europesays.com\/pt\/wp-json\/wp\/v2\/categories?post=111274"},{"taxonomy":"post_tag","embeddable":true,"href":"https:\/\/www.europesays.com\/pt\/wp-json\/wp\/v2\/tags?post=111274"}],"curies":[{"name":"wp","href":"https:\/\/api.w.org\/{rel}","templated":true}]}}