{"id":111278,"date":"2025-10-15T01:23:14","date_gmt":"2025-10-15T01:23:14","guid":{"rendered":"https:\/\/www.europesays.com\/pt\/111278\/"},"modified":"2025-10-15T01:23:14","modified_gmt":"2025-10-15T01:23:14","slug":"avancado-com-um-pe-e-meio-no-onze-titular-do-sporting-frente-ao-pacos-de-ferreira","status":"publish","type":"post","link":"https:\/\/www.europesays.com\/pt\/111278\/","title":{"rendered":"Avan\u00e7ado com um p\u00e9 e meio no onze titular do Sporting frente ao Pa\u00e7os de Ferreira"},"content":{"rendered":"<p>&#8211; Advertisement &#8211;<\/p>\n<p><strong>Fotis Ioannidis dever\u00e1 ser titular na partida entre o Sporting e o Pa\u00e7os de Ferreira, jogo relativo \u00e0 terceira eliminat\u00f3ria da Ta\u00e7a de Portugal.<\/strong><\/p>\n<p>A probabilidade de Fotis Ioannidis ser titular na partida entre Sporting e Pa\u00e7os de Ferreira \u00e9 bastante elevada. O grego terminou a sua participa\u00e7\u00e3o pela sele\u00e7\u00e3o da Gr\u00e9cia e Luis Su\u00e1rez n\u00e3o ter\u00e1 tanto tempo de treino, o que pode ser importante nas ideias de Rui Borges para o encontro.<\/p>\n<p>Fotis Ioannidis chegou ao Panathinaikos por 22 milh\u00f5es de euros e j\u00e1 realizou seis partidas pelo Sporting, com um golo marcado. O grego \u00e9 visto como aposta de presente e de futuro.<\/p>\n<p>Rui Borges poder\u00e1 aproveitar o jogo frente ao Pa\u00e7os de Ferreira, relativo \u00e0 Ta\u00e7a de Portugal, para fazer algumas altera\u00e7\u00f5es no onze inicial, <a href=\"https:\/\/bolanarede.pt\/especial-bola-na-rede\/atualidade\/sporting-extremo-espreita-titularidade-frente-ao-pacos-de-ferreira\/\" target=\"_blank\" rel=\"noreferrer noopener nofollow\">possivelmente com a entrada de Alisson Santos<\/a>.<\/p>\n","protected":false},"excerpt":{"rendered":"&#8211; Advertisement &#8211; Fotis Ioannidis dever\u00e1 ser titular na partida entre o Sporting e o Pa\u00e7os de Ferreira,&hellip;\n","protected":false},"author":2,"featured_media":111279,"comment_status":"","ping_status":"","sticky":false,"template":"","format":"standard","meta":{"footnotes":""},"categories":[87],"tags":[260,135,12942,32,33,34,134,3142],"class_list":{"0":"post-111278","1":"post","2":"type-post","3":"status-publish","4":"format-standard","5":"has-post-thumbnail","7":"category-desporto","8":"tag-atualidade","9":"tag-desporto","10":"tag-fotis-ioannidis","11":"tag-portugal","12":"tag-pt","13":"tag-sporting","14":"tag-sports","15":"tag-taca-de-portugal"},"share_on_mastodon":{"url":"","error":""},"_links":{"self":[{"href":"https:\/\/www.europesays.com\/pt\/wp-json\/wp\/v2\/posts\/111278","targetHints":{"allow":["GET"]}}],"collection":[{"href":"https:\/\/www.europesays.com\/pt\/wp-json\/wp\/v2\/posts"}],"about":[{"href":"https:\/\/www.europesays.com\/pt\/wp-json\/wp\/v2\/types\/post"}],"author":[{"embeddable":true,"href":"https:\/\/www.europesays.com\/pt\/wp-json\/wp\/v2\/users\/2"}],"replies":[{"embeddable":true,"href":"https:\/\/www.europesays.com\/pt\/wp-json\/wp\/v2\/comments?post=111278"}],"version-history":[{"count":0,"href":"https:\/\/www.europesays.com\/pt\/wp-json\/wp\/v2\/posts\/111278\/revisions"}],"wp:featuredmedia":[{"embeddable":true,"href":"https:\/\/www.europesays.com\/pt\/wp-json\/wp\/v2\/media\/111279"}],"wp:attachment":[{"href":"https:\/\/www.europesays.com\/pt\/wp-json\/wp\/v2\/media?parent=111278"}],"wp:term":[{"taxonomy":"category","embeddable":true,"href":"https:\/\/www.europesays.com\/pt\/wp-json\/wp\/v2\/categories?post=111278"},{"taxonomy":"post_tag","embeddable":true,"href":"https:\/\/www.europesays.com\/pt\/wp-json\/wp\/v2\/tags?post=111278"}],"curies":[{"name":"wp","href":"https:\/\/api.w.org\/{rel}","templated":true}]}}