{"id":111281,"date":"2025-10-15T01:28:11","date_gmt":"2025-10-15T01:28:11","guid":{"rendered":"https:\/\/www.europesays.com\/pt\/111281\/"},"modified":"2025-10-15T01:28:11","modified_gmt":"2025-10-15T01:28:11","slug":"trump-avisa-hamas-para-entregar-armas-ou-sera-desarmado-de-forma-rapida-e-talvez-violenta","status":"publish","type":"post","link":"https:\/\/www.europesays.com\/pt\/111281\/","title":{"rendered":"Trump avisa Hamas para entregar armas ou ser\u00e1 desarmado de &#8220;forma r\u00e1pida e talvez violenta&#8221;"},"content":{"rendered":"<p>O Presidente norte-americano, Donald Trump, amea\u00e7ou hoje o grupo islamita Hamas que, se n\u00e3o se desarmar por sua iniciativa, ser\u00e1 desarmado de &#8220;forma r\u00e1pida e talvez violenta&#8221; na Faixa de Gaza.<\/p>\n<p>&#8220;Se eles n\u00e3o se desarmarem, n\u00f3s desarmamo-los&#8221;, avisou o l\u00edder norte-americano em declara\u00e7\u00f5es aos jornalistas na Casa Branca, sem fornecer mais detalhes nem prazos, referindo-se apenas a um per\u00edodo &#8220;razo\u00e1vel&#8221;.<\/p>\n<p>Anteriormente, Donald Trump tinha instado o Hamas a devolver os corpos dos ref\u00e9ns mortos mantidos na Faixa de Gaza, uma medida que considera necess\u00e1ria para avan\u00e7ar para a pr\u00f3xima fase do seu plano para o territ\u00f3rio palestiniano.<\/p>\n","protected":false},"excerpt":{"rendered":"O Presidente norte-americano, Donald Trump, amea\u00e7ou hoje o grupo islamita Hamas que, se n\u00e3o se desarmar por sua&hellip;\n","protected":false},"author":2,"featured_media":111282,"comment_status":"","ping_status":"","sticky":false,"template":"","format":"standard","meta":{"footnotes":""},"categories":[50],"tags":[27,28,15,16,14,25,26,21,22,62,12,13,19,20,23,24,17,18,29,30,31,63,64,65],"class_list":{"0":"post-111281","1":"post","2":"type-post","3":"status-publish","4":"format-standard","5":"has-post-thumbnail","7":"category-mundo","8":"tag-breaking-news","9":"tag-breakingnews","10":"tag-featured-news","11":"tag-featurednews","12":"tag-headlines","13":"tag-latest-news","14":"tag-latestnews","15":"tag-main-news","16":"tag-mainnews","17":"tag-mundo","18":"tag-news","19":"tag-noticias","20":"tag-noticias-principais","21":"tag-noticiasprincipais","22":"tag-principais-noticias","23":"tag-principaisnoticias","24":"tag-top-stories","25":"tag-topstories","26":"tag-ultimas","27":"tag-ultimas-noticias","28":"tag-ultimasnoticias","29":"tag-world","30":"tag-world-news","31":"tag-worldnews"},"share_on_mastodon":{"url":"","error":""},"_links":{"self":[{"href":"https:\/\/www.europesays.com\/pt\/wp-json\/wp\/v2\/posts\/111281","targetHints":{"allow":["GET"]}}],"collection":[{"href":"https:\/\/www.europesays.com\/pt\/wp-json\/wp\/v2\/posts"}],"about":[{"href":"https:\/\/www.europesays.com\/pt\/wp-json\/wp\/v2\/types\/post"}],"author":[{"embeddable":true,"href":"https:\/\/www.europesays.com\/pt\/wp-json\/wp\/v2\/users\/2"}],"replies":[{"embeddable":true,"href":"https:\/\/www.europesays.com\/pt\/wp-json\/wp\/v2\/comments?post=111281"}],"version-history":[{"count":0,"href":"https:\/\/www.europesays.com\/pt\/wp-json\/wp\/v2\/posts\/111281\/revisions"}],"wp:featuredmedia":[{"embeddable":true,"href":"https:\/\/www.europesays.com\/pt\/wp-json\/wp\/v2\/media\/111282"}],"wp:attachment":[{"href":"https:\/\/www.europesays.com\/pt\/wp-json\/wp\/v2\/media?parent=111281"}],"wp:term":[{"taxonomy":"category","embeddable":true,"href":"https:\/\/www.europesays.com\/pt\/wp-json\/wp\/v2\/categories?post=111281"},{"taxonomy":"post_tag","embeddable":true,"href":"https:\/\/www.europesays.com\/pt\/wp-json\/wp\/v2\/tags?post=111281"}],"curies":[{"name":"wp","href":"https:\/\/api.w.org\/{rel}","templated":true}]}}