{"id":111285,"date":"2025-10-15T01:34:13","date_gmt":"2025-10-15T01:34:13","guid":{"rendered":"https:\/\/www.europesays.com\/pt\/111285\/"},"modified":"2025-10-15T01:34:13","modified_gmt":"2025-10-15T01:34:13","slug":"marisa-e-pedro-vivem-o-momento-mais-romantico-de-todos-amo-te-amo-te-tvi-player","status":"publish","type":"post","link":"https:\/\/www.europesays.com\/pt\/111285\/","title":{"rendered":"Marisa e Pedro vivem o momento mais rom\u00e2ntico de todos: \u00abAmo-te, amo-te\u00bb &#8211; TVI Player"},"content":{"rendered":"<ol>\n<li><a href=\"https:\/\/news.google.com\/rss\/articles\/CBMipAFBVV95cUxQNi1GdUQyamZKRmdIaFpUd1JldmQ5YTVtMk9yMWx0RHAyeDQ3MExHXzk5LVVONGs2ZFhZRXpKcmtnbGpOUnRzMEc0Wmw0NW9GZTA3d1FscDQ0N2tqdWFvMzJpV1Z0WmIyT3VhTUFtMkhFdFMtbnFuNzFHQW9DVUtaOUVneFVBYjhuUWVHM0RGRGJQUFdLYUszaUVxUUJoNzJndlNNdA?oc=5\" target=\"_blank\" rel=\"nofollow noopener\">Marisa e Pedro vivem o momento mais rom\u00e2ntico de todos: \u00abAmo-te, amo-te\u00bb<\/a>&nbsp;&nbsp;TVI Player<\/li>\n<li><a href=\"https:\/\/news.google.com\/rss\/articles\/CBMinAFBVV95cUxNemdaM3k1WG5wTW55YlQ1T1VaSVF0QWdYVGwxTnJtOS1BRV9GSGZ1MkI4NjFTdWhxeEhkSmVMZGpJLVhRV0Z6M1ViTjNfZG01MnZKcmFNaFFSVUgtaXItUFZBeEtCdEZ2R3VOSFdqckpSTTZSYlBCejlZQU5za2RjN01HcU4ydkJLZnQwdlZ1Rk1EZjhQSnFwWkJqUDfSAaIBQVVfeXFMTnZEQmVLQWdZUzluQUNwUUVBRnh6NlhmY0kweXNXQzNRTlp5eERUbWc3OGZtVlN3ZkZ1N3ZuS0Y0MUVRbk9MN29FckRWQWpVTWk2ekpKVm5BeFhTVjEyb0tQa01rUmVxX2JUMGlOZ05qUDJHUkw1WUZXVUVsd1hBcFZVQlp2UnRxYXFQbDlCWEttVFY4bGdEcW9tVjVseTZJUVBB?oc=5\" target=\"_blank\" rel=\"nofollow noopener\">Pedro Jorge e Marisa ficam sozinhos e colocam \u201cpontos no is\u201d: \u201cPrecisava muito\u2026\u201d<\/a>&nbsp;&nbsp;Hiper Fm<\/li>\n<li><a href=\"https:\/\/news.google.com\/rss\/articles\/CBMiygFBVV95cUxOUnI5UmF0YTVNenRYcVdNbVhjQ3hZLWFrWFZpZ0ZBcnFCZ3QzS0dEb3VxODNublBMcXlBdkhuS21pODF4bGhEV1FSWEIyclBKR1BSVU1EMGZuTnBKVjBvQ1I0RUlQRXR1RXFjOEZjMmx5bnU1bHlPU1BtTFRxS0ZvZmxIZDF5NGJEbXBXR3FtVm42d0JCLUR3U1pzZ2luSVBhMl9DSTVXT0pOb1d1dkFEbUtmWElGcDZoYWxkbzVtbk5ZWEpwQXptTjFR?oc=5\" target=\"_blank\" rel=\"nofollow noopener\">A miss\u00e3o da Voz que juntou o casal secreto da \u201cCasa dos Segredos\u201d \u2014 e o reencontro foi cheio de emo\u00e7\u00e3o<\/a>&nbsp;&nbsp;A Televis\u00e3o<\/li>\n<li><a href=\"https:\/\/news.google.com\/rss\/articles\/CBMi4wFBVV95cUxPRkF4R2ZPdmo0eTlTMkI3Q0Z5WGVGSlNFSmdDZGtHUjBEUXJYa3VpNjZCUjBCNUdxT0JWRm9aTl9ZdGxiRWlWWlRXUk82V3FoVTBNNWc3VjN1Z1RPUlY2SFpQRFFKZnZaeV9Pc1lGZ2FZaUtNNVdlQ3lnRlNPMlBGV2JpQTYwemFFVGNOWFRYT3RHX2RKZFRGLTNSQlRIczJRdWpUeHZNYVVBa1Z0S2lTcVJPVkZzNUJFWlhaOXAxQWJnTWZFcW0wRjVHMTMxQXJvVlkwdEdFWUxSMGJjUFJPNDB1QdIB6AFBVV95cUxOZTFTQzdIVVBhWWxDX1lPU1VJclg1dXFkMmVfNFM5d2F2U2xQSFNSc1VpVXJUZDNUV3dzWjB2eHlZWS11Z01XbXRSYkhqOWUzQjlOdmtvLWhlZnRhZW9WZ1pFV0RfMkN1RUIzN2dzVEN0OG41STZuUXlRSzM1WjVSdXdXREhJX0NGbGNuOGY0ZTdDbU9jaGd4cnFTQm9nUVJ0REpkSmlxVmJIVE1BYzNfMGNzUXFmLWFrd3VSUUJ1LVBqS19RWjl3Zm1wNXotWDFLaUJFQ0FuRmhQSm1xZ2ljejBiSW1uRHB0?oc=5\" target=\"_blank\" rel=\"nofollow noopener\">A Internet est\u00e1 ao rubro com beijo roubado de Marisa a Pedro Jorge: as imagens do assunto do momento<\/a>&nbsp;&nbsp;TVI<\/li>\n<li><a href=\"https:\/\/news.google.com\/rss\/articles\/CBMizgFBVV95cUxNeHdIVkV0SjV1aGxEeXh6ODVuNnBEbUFpVm9PSEJ1QXVWZXYyWGJrSFhkWElIRDd0VTZlRDNocFZqOV94TEQwY3lVZTVTWXlncFV4M1NPSm0xVm5fN3hnRUpoNHhBUnp5Nl9USDVXbmlxX1hOZFRmbDRwWnFVUU5KcWY1ajgtamlZYU9HclJVcWJjOGRPUFd4YTFVUTB5SHFhdXJhYXhheEVKcm5FbVlmTHJLb29xX2w5REw3WVBHVXN1S0c2M210VHBEbHJMQQ?oc=5\" target=\"_blank\" rel=\"nofollow noopener\">Pedro e Marisa d\u00e3o novo beijo \u00e0s escondidas e quase s\u00e3o apanhados em flagrante<\/a>&nbsp;&nbsp;Not\u00edcias de hoje &#8211; IOL<\/li>\n<\/ol>\n","protected":false},"excerpt":{"rendered":"Marisa e Pedro vivem o momento mais rom\u00e2ntico de todos: \u00abAmo-te, amo-te\u00bb&nbsp;&nbsp;TVI Player Pedro Jorge e Marisa ficam&hellip;\n","protected":false},"author":2,"featured_media":111286,"comment_status":"","ping_status":"","sticky":false,"template":"","format":"standard","meta":{"footnotes":""},"categories":[142],"tags":[114,115,19184,14646,32,33,151],"class_list":{"0":"post-111285","1":"post","2":"type-post","3":"status-publish","4":"format-standard","5":"has-post-thumbnail","7":"category-tv","8":"tag-entertainment","9":"tag-entretenimento","10":"tag-marisa","11":"tag-pedro","12":"tag-portugal","13":"tag-pt","14":"tag-tv"},"share_on_mastodon":{"url":"","error":""},"_links":{"self":[{"href":"https:\/\/www.europesays.com\/pt\/wp-json\/wp\/v2\/posts\/111285","targetHints":{"allow":["GET"]}}],"collection":[{"href":"https:\/\/www.europesays.com\/pt\/wp-json\/wp\/v2\/posts"}],"about":[{"href":"https:\/\/www.europesays.com\/pt\/wp-json\/wp\/v2\/types\/post"}],"author":[{"embeddable":true,"href":"https:\/\/www.europesays.com\/pt\/wp-json\/wp\/v2\/users\/2"}],"replies":[{"embeddable":true,"href":"https:\/\/www.europesays.com\/pt\/wp-json\/wp\/v2\/comments?post=111285"}],"version-history":[{"count":0,"href":"https:\/\/www.europesays.com\/pt\/wp-json\/wp\/v2\/posts\/111285\/revisions"}],"wp:featuredmedia":[{"embeddable":true,"href":"https:\/\/www.europesays.com\/pt\/wp-json\/wp\/v2\/media\/111286"}],"wp:attachment":[{"href":"https:\/\/www.europesays.com\/pt\/wp-json\/wp\/v2\/media?parent=111285"}],"wp:term":[{"taxonomy":"category","embeddable":true,"href":"https:\/\/www.europesays.com\/pt\/wp-json\/wp\/v2\/categories?post=111285"},{"taxonomy":"post_tag","embeddable":true,"href":"https:\/\/www.europesays.com\/pt\/wp-json\/wp\/v2\/tags?post=111285"}],"curies":[{"name":"wp","href":"https:\/\/api.w.org\/{rel}","templated":true}]}}