{"id":111291,"date":"2025-10-15T01:43:14","date_gmt":"2025-10-15T01:43:14","guid":{"rendered":"https:\/\/www.europesays.com\/pt\/111291\/"},"modified":"2025-10-15T01:43:14","modified_gmt":"2025-10-15T01:43:14","slug":"papa-envia-cinco-mil-antibioticos-para-as-criancas-de-gaza","status":"publish","type":"post","link":"https:\/\/www.europesays.com\/pt\/111291\/","title":{"rendered":"Papa envia cinco mil antibi\u00f3ticos para as crian\u00e7as de Gaza"},"content":{"rendered":"<p>Com a chegada de ajuda humanit\u00e1ria \u00e0 Faixa de Gaza, o Pont\u00edfice encarregou a Esmolaria Apost\u00f3lica, que j\u00e1 enviou medicamentos destinados \u00e0s crian\u00e7as, enquanto continua a distribui\u00e7\u00e3o de cestas de alimentos na Ucr\u00e2nia.<\/p>\n<p><b>Benedetta Capelli \u2013 Cidade do Vaticano<\/b><\/p>\n<p>Nos dias em que a \u201ccentelha de esperan\u00e7a\u201d, evocada pelo Papa no Angelus de domingo, se torna mais concreta na Terra Santa, a proximidade do Pont\u00edfice se traduz em aten\u00e7\u00e3o especial aos mais pequenos. Por meio da Esmolaria Apost\u00f3lica \u2014 o \u201cpronto-socorro do Papa Le\u00e3o\u201d \u2014 foram enviados a Gaza cinco mil antibi\u00f3ticos destinados \u00e0s crian\u00e7as, entre as v\u00edtimas mais afetadas pelos dois anos de conflito. Um gesto poss\u00edvel gra\u00e7as \u00e0 abertura das passagens pelas quais \u00e9 poss\u00edvel levar a ajuda humanit\u00e1ria destinada \u00e0 popula\u00e7\u00e3o da Faixa de Gaza.<\/p>\n<p>    <img decoding=\"async\" src=\"data:image\/gif;base64,R0lGODlhAQABAIAAAAAAAP\/\/\/yH5BAEAAAAALAAAAAABAAEAAAIBRAA7\" data-original=\"https:\/\/www.vaticannews.va\/content\/dam\/vaticannews\/multimedia\/2025\/ottobre\/13\/aiuti-del-Papa-per-lUcraina.jpg\/_jcr_content\/renditions\/cq5dam.thumbnail.cropped.750.422.jpeg\" alt=\"Pacotes de antibi\u00f3ticos partindo do Vaticano para Gaza\" title=\"Pacotes de antibi\u00f3ticos partindo do Vaticano para Gaza\"\/><\/p>\n<p>\n   Pacotes de antibi\u00f3ticos partindo do Vaticano para Gaza\n  <\/p>\n<p>Das palavras aos fatos <\/p>\n<p>\u201cDamos continuidade \u00e0s palavras contidas na Exorta\u00e7\u00e3o Apost\u00f3lica Dilexi te, dedicada aos pobres \u2014 afirma o cardeal Konrad Krajewski, prefeito do Dicast\u00e9rio para o Servi\u00e7o da Caridade \u2014 porque \u00e9 necess\u00e1rio agir, dar aten\u00e7\u00e3o a quem est\u00e1 em necessidade.\u201d No texto do Papa, a dire\u00e7\u00e3o que a Igreja sempre segue \u00e9 clara, pois \u201csabe que o seu an\u00fancio do Evangelho \u00e9 cred\u00edvel somente quando se traduz em gestos de proximidade e acolhimento\u201d. Por meio do Patriarcado Latino de Jerusal\u00e9m, os antibi\u00f3ticos enviados j\u00e1 foram distribu\u00eddos a quem deles precisava. O esmoleiro recorda que, ao longo dos anos de guerra, buscou-se ajudar mesmo assim, atrav\u00e9s do envio de dinheiro destinado \u00e0 compra de alimentos e combust\u00edvel.<\/p>\n<p>A proximidade com a Ucr\u00e2nia <\/p>\n<p>A caridade do Papa n\u00e3o se det\u00e9m nem mesmo diante do conflito na Ucr\u00e2nia. Depois de diversas miss\u00f5es para levar ajuda, geradores de energia e roupas t\u00e9rmicas para enfrentar o frio, a Esmolaria continuou a apoiar a Bas\u00edlica de Santa Sofia, em Roma \u2014 \u201ca igreja dos ucranianos\u201d \u2014, ativa no apoio humanit\u00e1rio ao pa\u00eds da Europa Oriental. De l\u00e1 partem constantemente caminh\u00f5es carregados de bens de primeira necessidade. Nos \u00faltimos dias, chegaram a Kharkiv pacotes brancos identificados com as bandeiras do Vaticano e da Ucr\u00e2nia, e com a inscri\u00e7\u00e3o, em italiano e ucraniano: \u201cPresente de Papa Le\u00e3o XIV \u00e0 popula\u00e7\u00e3o de Kharkiv\u201d. Dentro deles h\u00e1 alimentos enlatados, \u00f3leo, macarr\u00e3o, carne e tamb\u00e9m produtos de limpeza. \u00c9 a maneira pela qual o Pont\u00edfice se faz pr\u00f3ximo do sofrimento e da dor de um povo enfraquecido por anos de guerra, que ainda n\u00e3o vislumbra a luz da paz.<\/p>\n<p>    <img decoding=\"async\" src=\"data:image\/gif;base64,R0lGODlhAQABAIAAAAAAAP\/\/\/yH5BAEAAAAALAAAAAABAAEAAAIBRAA7\" data-original=\"https:\/\/www.vaticannews.va\/content\/dam\/vaticannews\/multimedia\/2025\/ottobre\/13\/antibiotici-per-Gaza-4.jpg\/_jcr_content\/renditions\/cq5dam.thumbnail.cropped.750.422.jpeg\" alt=\"Presentes do Papa para a Ucr\u00e2nia\" title=\"Presentes do Papa para a Ucr\u00e2nia\"\/><\/p>\n<p>\n   Presentes do Papa para a Ucr\u00e2nia\n  <\/p>\n","protected":false},"excerpt":{"rendered":"Com a chegada de ajuda humanit\u00e1ria \u00e0 Faixa de Gaza, o Pont\u00edfice encarregou a Esmolaria Apost\u00f3lica, que j\u00e1&hellip;\n","protected":false},"author":2,"featured_media":111292,"comment_status":"","ping_status":"","sticky":false,"template":"","format":"standard","meta":{"footnotes":""},"categories":[50],"tags":[27,28,26358,15,16,14,25,26,21,22,62,12,13,19,20,811,23,24,6543,11583,17,18,840,29,30,31,63,64,65],"class_list":{"0":"post-111291","1":"post","2":"type-post","3":"status-publish","4":"format-standard","5":"has-post-thumbnail","7":"category-mundo","8":"tag-breaking-news","9":"tag-breakingnews","10":"tag-elemosineria-apostolica","11":"tag-featured-news","12":"tag-featurednews","13":"tag-headlines","14":"tag-latest-news","15":"tag-latestnews","16":"tag-main-news","17":"tag-mainnews","18":"tag-mundo","19":"tag-news","20":"tag-noticias","21":"tag-noticias-principais","22":"tag-noticiasprincipais","23":"tag-papa-leao-xiv","24":"tag-principais-noticias","25":"tag-principaisnoticias","26":"tag-solidariedade","27":"tag-terra-santa","28":"tag-top-stories","29":"tag-topstories","30":"tag-ucrania","31":"tag-ultimas","32":"tag-ultimas-noticias","33":"tag-ultimasnoticias","34":"tag-world","35":"tag-world-news","36":"tag-worldnews"},"share_on_mastodon":{"url":"","error":""},"_links":{"self":[{"href":"https:\/\/www.europesays.com\/pt\/wp-json\/wp\/v2\/posts\/111291","targetHints":{"allow":["GET"]}}],"collection":[{"href":"https:\/\/www.europesays.com\/pt\/wp-json\/wp\/v2\/posts"}],"about":[{"href":"https:\/\/www.europesays.com\/pt\/wp-json\/wp\/v2\/types\/post"}],"author":[{"embeddable":true,"href":"https:\/\/www.europesays.com\/pt\/wp-json\/wp\/v2\/users\/2"}],"replies":[{"embeddable":true,"href":"https:\/\/www.europesays.com\/pt\/wp-json\/wp\/v2\/comments?post=111291"}],"version-history":[{"count":0,"href":"https:\/\/www.europesays.com\/pt\/wp-json\/wp\/v2\/posts\/111291\/revisions"}],"wp:featuredmedia":[{"embeddable":true,"href":"https:\/\/www.europesays.com\/pt\/wp-json\/wp\/v2\/media\/111292"}],"wp:attachment":[{"href":"https:\/\/www.europesays.com\/pt\/wp-json\/wp\/v2\/media?parent=111291"}],"wp:term":[{"taxonomy":"category","embeddable":true,"href":"https:\/\/www.europesays.com\/pt\/wp-json\/wp\/v2\/categories?post=111291"},{"taxonomy":"post_tag","embeddable":true,"href":"https:\/\/www.europesays.com\/pt\/wp-json\/wp\/v2\/tags?post=111291"}],"curies":[{"name":"wp","href":"https:\/\/api.w.org\/{rel}","templated":true}]}}