{"id":111293,"date":"2025-10-15T01:46:10","date_gmt":"2025-10-15T01:46:10","guid":{"rendered":"https:\/\/www.europesays.com\/pt\/111293\/"},"modified":"2025-10-15T01:46:10","modified_gmt":"2025-10-15T01:46:10","slug":"esposa-de-bruce-willis-faz-desabafo-sobre-diagnostico-de-demencia","status":"publish","type":"post","link":"https:\/\/www.europesays.com\/pt\/111293\/","title":{"rendered":"Esposa de Bruce Willis faz desabafo sobre diagn\u00f3stico de dem\u00eancia"},"content":{"rendered":"<p>Nesta ter\u00e7a-feira (14), a modelo <a href=\"https:\/\/www.otempo.com.br\/entretenimento\/2025\/8\/29\/bruce-willis-mora-em-casa-separada-da-familia-apos-diagnostico-de-demencia\" rel=\"nofollow noopener\" target=\"_blank\"><strong>Emma Heming<\/strong><\/a>, de 47 anos, esposa de <a href=\"https:\/\/www.otempo.com.br\/entretenimento\/2025\/9\/14\/mulher-de-bruce-willis-diz-que-acidente-em-duro-de-matar-criou-problema-de-saude-para-o-ator\" rel=\"nofollow noopener\" target=\"_blank\"><strong>Bruce Willis<\/strong><\/a>, declarou que \u00e9 dif\u00edcil viver o luto enquanto o ator ainda est\u00e1 vivo. Em entrevista \u00e0 Vogue Australia, a companheira do astro de Hollywood afirmou que est\u00e1 lutando como pode para enfrentar a doen\u00e7a do marido.<\/p>\n<p>&#8220;Tive que aprender a conviver com a dor. Ela est\u00e1 sempre comigo. N\u00e3o consigo me livrar dela, mas vou respirar, ficar triste e sentir todos os sentimentos e emo\u00e7\u00f5es que eu tiver que sentir. Mas tamb\u00e9m n\u00e3o vou permitir que isso seja apenas uma nota disso&#8221;, desabafou ela.<\/p>\n<p><strong>Emma<\/strong> tamb\u00e9m afirmou que as filhas est\u00e3o bem, mas sofrem e sentem falta do pai. &#8220;Ele est\u00e1 perdendo marcos importantes. [&#8230;] Mas crian\u00e7as s\u00e3o resilientes. [&#8230;] N\u00e3o sei se minhas filhas v\u00e3o se recuperar algum dia. Mas elas est\u00e3o aprendendo, e eu tamb\u00e9m&#8221;, contou.<\/p>\n<p><strong>Bruce Willis<\/strong> foi diagnosticado com dem\u00eancia frontotemporal em 2023. O ator j\u00e1 apresenta dificuldades na fala, problemas cognitivos e limita\u00e7\u00f5es nos movimentos por conta do avan\u00e7o da doen\u00e7a.<\/p>\n","protected":false},"excerpt":{"rendered":"Nesta ter\u00e7a-feira (14), a modelo Emma Heming, de 47 anos, esposa de Bruce Willis, declarou que \u00e9 dif\u00edcil&hellip;\n","protected":false},"author":2,"featured_media":111294,"comment_status":"","ping_status":"","sticky":false,"template":"","format":"standard","meta":{"footnotes":""},"categories":[145],"tags":[5707,211,210,26359,114,115,32,33],"class_list":{"0":"post-111293","1":"post","2":"type-post","3":"status-publish","4":"format-standard","5":"has-post-thumbnail","7":"category-celebridades","8":"tag-bruce-willis","9":"tag-celebridades","10":"tag-celebrities","11":"tag-emma-heming","12":"tag-entertainment","13":"tag-entretenimento","14":"tag-portugal","15":"tag-pt"},"share_on_mastodon":{"url":"","error":""},"_links":{"self":[{"href":"https:\/\/www.europesays.com\/pt\/wp-json\/wp\/v2\/posts\/111293","targetHints":{"allow":["GET"]}}],"collection":[{"href":"https:\/\/www.europesays.com\/pt\/wp-json\/wp\/v2\/posts"}],"about":[{"href":"https:\/\/www.europesays.com\/pt\/wp-json\/wp\/v2\/types\/post"}],"author":[{"embeddable":true,"href":"https:\/\/www.europesays.com\/pt\/wp-json\/wp\/v2\/users\/2"}],"replies":[{"embeddable":true,"href":"https:\/\/www.europesays.com\/pt\/wp-json\/wp\/v2\/comments?post=111293"}],"version-history":[{"count":0,"href":"https:\/\/www.europesays.com\/pt\/wp-json\/wp\/v2\/posts\/111293\/revisions"}],"wp:featuredmedia":[{"embeddable":true,"href":"https:\/\/www.europesays.com\/pt\/wp-json\/wp\/v2\/media\/111294"}],"wp:attachment":[{"href":"https:\/\/www.europesays.com\/pt\/wp-json\/wp\/v2\/media?parent=111293"}],"wp:term":[{"taxonomy":"category","embeddable":true,"href":"https:\/\/www.europesays.com\/pt\/wp-json\/wp\/v2\/categories?post=111293"},{"taxonomy":"post_tag","embeddable":true,"href":"https:\/\/www.europesays.com\/pt\/wp-json\/wp\/v2\/tags?post=111293"}],"curies":[{"name":"wp","href":"https:\/\/api.w.org\/{rel}","templated":true}]}}