{"id":111295,"date":"2025-10-15T01:49:10","date_gmt":"2025-10-15T01:49:10","guid":{"rendered":"https:\/\/www.europesays.com\/pt\/111295\/"},"modified":"2025-10-15T01:49:10","modified_gmt":"2025-10-15T01:49:10","slug":"globo-justifica-alfinetadas-na-band-nao-desmerecemos-14-10-2025-outro-canal","status":"publish","type":"post","link":"https:\/\/www.europesays.com\/pt\/111295\/","title":{"rendered":"Globo justifica alfinetadas na Band: &#8216;N\u00e3o desmerecemos&#8217; &#8211; 14\/10\/2025 &#8211; Outro Canal"},"content":{"rendered":"<p>\n<strong class=\"c-signature__location\">S\u00e3o Paulo<\/strong>\n<\/p>\n<p>A Globo se justificou sobre as <a href=\"https:\/\/f5.folha.uol.com.br\/colunistas\/outro-canal\/2025\/10\/falas-de-william-bonner-e-porchat-em-evento-da-globo-causam-revolta-na-band.shtml\" rel=\"nofollow noopener\" target=\"\">alfinetadas que deu na Band<\/a> durante o Upfront 2026, evento realizado para o mercado publicit\u00e1rio na \u00faltima segunda (13). A emissora diz que n\u00e3o teve a inten\u00e7\u00e3o de desmerecer o trabalho de qualquer concorrente.<\/p>\n<p>  <a href=\"https:\/\/f5.folha.uol.com.br\/colunistas\/outro-canal\/\" rel=\"nofollow noopener\" target=\"_blank\"><br \/>\n    <img decoding=\"async\" src=\"https:\/\/www.europesays.com\/pt\/wp-content\/uploads\/2025\/07\/172599691166e09f6f54fe2_1725996911_1x1_xs.jpg\" alt=\"Foto de Outro Canal\" class=\"img-responsive c-lazyload\"\/><\/p>\n<p>  <\/a><\/p>\n<p class=\"author__description\">\n    Cobre diariamente os bastidores das novelas, do telejornalismo e da m\u00eddia esportiva. Tem como titular o jornalista Gabriel Vaquer\n  <\/p>\n","protected":false},"excerpt":{"rendered":"S\u00e3o Paulo A Globo se justificou sobre as alfinetadas que deu na Band durante o Upfront 2026, evento&hellip;\n","protected":false},"author":2,"featured_media":111296,"comment_status":"","ping_status":"","sticky":false,"template":"","format":"standard","meta":{"footnotes":""},"categories":[142],"tags":[1391,219,935,211,223,2866,114,115,224,225,226,753,221,220,222,2515,1428,32,33,2867,2566,218,228,151,227,9211],"class_list":{"0":"post-111295","1":"post","2":"type-post","3":"status-publish","4":"format-standard","5":"has-post-thumbnail","7":"category-tv","8":"tag-band","9":"tag-bichos","10":"tag-canais-de-tv","11":"tag-celebridades","12":"tag-colunistas","13":"tag-emissora-de-televiso","14":"tag-entertainment","15":"tag-entretenimento","16":"tag-estranho","17":"tag-eu-amo","18":"tag-fofices","19":"tag-globo","20":"tag-horoscopo","21":"tag-humanos","22":"tag-humor","23":"tag-jornal-nacional","24":"tag-jornalismo","25":"tag-portugal","26":"tag-pt","27":"tag-rede-bandeirantes","28":"tag-televiso","29":"tag-televisao","30":"tag-tudo","31":"tag-tv","32":"tag-videos","33":"tag-william-bonner"},"share_on_mastodon":{"url":"","error":""},"_links":{"self":[{"href":"https:\/\/www.europesays.com\/pt\/wp-json\/wp\/v2\/posts\/111295","targetHints":{"allow":["GET"]}}],"collection":[{"href":"https:\/\/www.europesays.com\/pt\/wp-json\/wp\/v2\/posts"}],"about":[{"href":"https:\/\/www.europesays.com\/pt\/wp-json\/wp\/v2\/types\/post"}],"author":[{"embeddable":true,"href":"https:\/\/www.europesays.com\/pt\/wp-json\/wp\/v2\/users\/2"}],"replies":[{"embeddable":true,"href":"https:\/\/www.europesays.com\/pt\/wp-json\/wp\/v2\/comments?post=111295"}],"version-history":[{"count":0,"href":"https:\/\/www.europesays.com\/pt\/wp-json\/wp\/v2\/posts\/111295\/revisions"}],"wp:featuredmedia":[{"embeddable":true,"href":"https:\/\/www.europesays.com\/pt\/wp-json\/wp\/v2\/media\/111296"}],"wp:attachment":[{"href":"https:\/\/www.europesays.com\/pt\/wp-json\/wp\/v2\/media?parent=111295"}],"wp:term":[{"taxonomy":"category","embeddable":true,"href":"https:\/\/www.europesays.com\/pt\/wp-json\/wp\/v2\/categories?post=111295"},{"taxonomy":"post_tag","embeddable":true,"href":"https:\/\/www.europesays.com\/pt\/wp-json\/wp\/v2\/tags?post=111295"}],"curies":[{"name":"wp","href":"https:\/\/api.w.org\/{rel}","templated":true}]}}