{"id":111299,"date":"2025-10-15T02:02:14","date_gmt":"2025-10-15T02:02:14","guid":{"rendered":"https:\/\/www.europesays.com\/pt\/111299\/"},"modified":"2025-10-15T02:02:14","modified_gmt":"2025-10-15T02:02:14","slug":"cinco-plantas-perenes-para-plantar-em-outubro","status":"publish","type":"post","link":"https:\/\/www.europesays.com\/pt\/111299\/","title":{"rendered":"cinco plantas perenes para plantar em outubro"},"content":{"rendered":"<p>  <img decoding=\"async\" fetchpriority=\"high\" src=\"https:\/\/www.europesays.com\/pt\/wp-content\/uploads\/2025\/10\/get-them-in-the-ground-before-the-frost-hits-five-perennials-to-plant-this-october-1760115147590_102.jpeg\"  width=\"768\" height=\"432\" alt=\"Allium\" title=\"Allium\" data-image=\"3y41twcmum2r\"\/>As esp\u00e9cies de Allium e Echinops oferecem uma bela flora\u00e7\u00e3o em forma de globo, que acrescenta um toque extra de interesse a canteiros de flores mistas. Cr\u00e9dito: <a href=\"https:\/\/pixabay.com\/photos\/ornamental-onion-allium-stratos-5391652\/\" target=\"_blank\" rel=\"nofollow noopener\">Pixabay<\/a>   <img decoding=\"async\" fetchpriority=\"high\" src=\"https:\/\/www.europesays.com\/pt\/wp-content\/uploads\/2025\/08\/stephanie-leonida.jpg\" alt=\"Stephanie Leonida\" width=\"40\" height=\"40\"\/>    <a class=\"nombre text-hv\" href=\"https:\/\/www.tempo.pt\/autor\/stephanie-leonida\/\" title=\"Stephanie Leonida\" rel=\"nofollow noopener\" target=\"_blank\">Stephanie Leonida<\/a> Meteored Reino Unido      14\/10\/2025 13:03   5 min   <\/p>\n<p>J\u00e1 est\u00e1 ansioso por preparar o terreno para criar um jardim colorido e m\u00e1gico para a primavera e o ver\u00e3o de 2026? Bem, <strong>est\u00e1 na hora de ir ao centro de jardinagem e colher algumas ra\u00edzes e bolbos para plantar este outono<\/strong>. Exploraremos algumas plantas perenes vers\u00e1teis e favor\u00e1veis aos polinizadores, ideais para jardins de campo, de vida selvagem, de cascalho, costeiros e\/ou de flores de corte.<\/p>\n<p>Adicionando dinamismo estrutural<\/p>\n<p><a href=\"https:\/\/www.farmergracy.co.uk\/products\/echinops-ritro-bare-roots-uk\" target=\"_blank\" rel=\"nofollow noopener\">O Echinops ritro, tamb\u00e9m conhecido como cardo-de-esfera-pequena, \u00e9 uma planta perene resistente e f\u00e1cil de cultivar da fam\u00edlia Asteraceae. \u00c9 considerada uma <strong>boa escolha para jardineiros iniciantes<\/strong> e uma bela op\u00e7\u00e3o estrutural para adicionar dinamismo aos seus arranjos de canteiros. Prefere <strong>solos bem drenados e locais ensolarados<\/strong>, e pode demorar um a dois anos a estabelecer-se antes de produzir flores azuis radiantes e em forma de almofada no ver\u00e3o. <\/p>\n<blockquote class=\"twitter-tweet\">\n<p lang=\"en\" dir=\"ltr\">Allium cristophii would mix very happily with the blue Allium azureum, sometimes called A. caeruleum, in front of them. They are not quite so tall and overlap in their flowering season, thus prolonging the display. <a href=\"https:\/\/twitter.com\/hashtag\/gardening?src=hash&amp;ref_src=twsrc%5Etfw\" rel=\"nofollow noopener\" target=\"_blank\">#gardening<\/a> <a href=\"https:\/\/t.co\/RZhXnRf3k5\" rel=\"nofollow\">https:\/\/t.co\/RZhXnRf3k5<\/a> <a href=\"https:\/\/t.co\/wq5i1ivxBB\" rel=\"nofollow\">pic.twitter.com\/wq5i1ivxBB<\/a><\/p>\n<p>\u2014 Vita Sackville-West (@thegardenvsw) <a href=\"https:\/\/twitter.com\/thegardenvsw\/status\/1806993625756074494?ref_src=twsrc%5Etfw\" rel=\"nofollow noopener\" target=\"_blank\">June 29, 2024<\/a><\/p><\/blockquote>\n<p>Outra planta perene alta (50-70 cm) e resistente, com uma estrutura semelhante a uma esfera, \u00e9 o Allium azureum. Esta <strong>planta bolbosa e resistente \u00e0 seca<\/strong> pertence \u00e0 fam\u00edlia Amaryllidaceae e <strong>produz flores azuis brilhantes semelhantes<\/strong>, ideais para canteiros, jardins de rochas e bordaduras. Ap\u00f3s a planta\u00e7\u00e3o no outono, pode esperar ver flores desde o final da primavera at\u00e9 ao in\u00edcio do ver\u00e3o do ano seguinte.<\/p>\n<p>Adicionando um pouco de brilho e espet\u00e1culo<\/p>\n<p>A rosa-de-natal ou hel\u00e9boro-negro (Helleborus niger) \u00e9 uma planta perene, resistente, da fam\u00edlia Ranunculaceae. <strong>Do inverno ao in\u00edcio da primavera, produz flores brancas em forma de ta\u00e7a<\/strong>. Para se preparar para um espet\u00e1culo de inverno, <strong>plantar no outono d\u00e1 tempo para que as ra\u00edzes se estabele\u00e7am antes da chegada dos meses de inverno<\/strong>. Espere ver flores de dezembro a mar\u00e7o. Prospera em <strong>solo rico, bem arejado e parcialmente sombreado<\/strong>, o que a torna ideal para bordaduras florestais ou \u00e1reas sombreadas do jardim.<\/p>\n<blockquote class=\"twitter-tweet\">\n<p lang=\"da\" dir=\"ltr\">Helleborus Niger for <a href=\"https:\/\/twitter.com\/hashtag\/FlowersOnFriday?src=hash&amp;ref_src=twsrc%5Etfw\" rel=\"nofollow noopener\" target=\"_blank\">#FlowersOnFriday<\/a> <a href=\"https:\/\/t.co\/UAI25rq2s9\" rel=\"nofollow\">pic.twitter.com\/UAI25rq2s9<\/a><\/p>\n<p>\u2014 katerina (@katerin87813001) <a href=\"https:\/\/twitter.com\/katerin87813001\/status\/1925796291906314370?ref_src=twsrc%5Etfw\" rel=\"nofollow noopener\" target=\"_blank\">May 23, 2025<\/a><\/p><\/blockquote>\n<p>A pe\u00f3nia herb\u00e1cea, Paeonia lactiflora (P. lactiflora), \u00e9 um membro da fam\u00edlia Paeoniaceae e \u00e9 apreciada pelas suas flores generosas e perfumadas que florescem no final da primavera ou in\u00edcio do ver\u00e3o. <strong>As pe\u00f3nias conferem grandeza e encanto a canteiros, bordaduras mistas ou como exemplares singulares em pontos focais do jardim<\/strong>. Crescem melhor em <strong>pleno sol e solo rico e bem drenado<\/strong>. Tal como a rosa-de-natal, a planta\u00e7\u00e3o de P. lactiflora no outono permite o estabelecimento favor\u00e1vel das ra\u00edzes, proporcionando uma base s\u00f3lida para a flora\u00e7\u00e3o desde o final da primavera at\u00e9 ao in\u00edcio do ver\u00e3o (maio a junho). <\/p>\n<p>Se j\u00e1 teve o prazer de mergulhar no <strong>aroma maravilhosamente perfumado e pungente de um campo de lavanda<\/strong>, conhece o desejo de experimentar o mesmo no seu pr\u00f3prio jardim.<\/p>\n<p><a class=\"imagen \" href=\"https:\/\/www.tempo.pt\/noticias\/plantas\/como-cuidar-de-lavanda-em-vasos-dicas-para-um-crescimento-saudavel-e-flores-abundantes.html\" title=\"Como cuidar da lavanda em vasos: dicas para um crescimento saud\u00e1vel e flores abundantes\" rel=\"nofollow noopener\" target=\"_blank\"><img loading=\"lazy\" decoding=\"async\" fetchpriority=\"low\" class=\"lazy img-body non-editable\" src=\"https:\/\/www.europesays.com\/pt\/wp-content\/uploads\/2025\/10\/come-curare-la-lavanda-in-vaso-consigli-per-una-crescita-sana-e-una-fioritura-abbondante-17491591316.jpeg\"  width=\"320\" height=\"225\" alt=\"Como cuidar da lavanda em vasos: dicas para um crescimento saud\u00e1vel e flores abundantes\"\/><\/a><\/p>\n<p><a href=\"https:\/\/www.rhs.org.uk\/plants\/91398\/lavandula-angustifolia\/details\" target=\"_blank\" rel=\"nofollow noopener\">A Lavandula angustifolia (lavanda inglesa) \u00e9 uma planta bonita e agrad\u00e1vel aos sentidos, com flores roxas suaves e folhagem verde-prateada. <strong>Plantar esta joia no outono ir\u00e1 promover um crescimento vigoroso, com as flores a surgirem do in\u00edcio a meados do ver\u00e3o do ano seguinte<\/strong>. Ela tamb\u00e9m <strong>prefere o sol e o solo bem drenado<\/strong>, atraindo muitos polinizadores. A lavanda funciona igualmente bem em vasos, bordaduras, sebes e em arranjos agrupados para acentuar a sua deliciosa fragr\u00e2ncia.<\/p>\n<p>Refer\u00eancia da not\u00edcia:<\/p>\n<p> <a href=\"https:\/\/www.farmergracy.co.uk\/products\/echinops-ritro-bare-roots-uk\" target=\"_blank\" rel=\"nofollow noopener\">Farmer Gracy, Echinops ritro<\/a><\/p>\n<p><a href=\"https:\/\/www.farmergracy.co.uk\/products\/allium-azureum-caeruleum-bulbs-uk\" target=\"_blank\" rel=\"nofollow noopener\">Farmer Gracy, Allium azureum<\/a> <\/p>\n<p><a href=\"https:\/\/www.rhs.org.uk\/plants\/8575\/helleborus-niger\/details\" target=\"_blank\" rel=\"nofollow noopener\">RHS, Christmas rose<\/a> <\/p>\n<p><a href=\"https:\/\/www.rhs.org.uk\/plants\/12123\/paeonia-lactiflora\/details\" target=\"_blank\" rel=\"nofollow noopener\">RHS, Chinese Peony<\/a> <a href=\"https:\/\/www.rhs.org.uk\/plants\/91398\/lavandula-angustifolia\/details\" target=\"_blank\" rel=\"nofollow noopener\"><br \/><\/a><a href=\"https:\/\/www.rhs.org.uk\/plants\/91398\/lavandula-angustifolia\/details\" target=\"_blank\" rel=\"nofollow noopener\">RHS, Lavandula angustifolia<\/a> <\/p>\n<p> <script async src=\"https:\/\/platform.twitter.com\/widgets.js\" charset=\"utf-8\"><\/script><\/p>\n","protected":false},"excerpt":{"rendered":"As esp\u00e9cies de Allium e Echinops oferecem uma bela flora\u00e7\u00e3o em forma de globo, que acrescenta um toque&hellip;\n","protected":false},"author":2,"featured_media":111300,"comment_status":"","ping_status":"","sticky":false,"template":"","format":"standard","meta":{"footnotes":""},"categories":[50],"tags":[27,28,15,16,11626,14,7189,26360,25,26,26362,21,22,62,12,13,19,20,7562,9560,7564,23,24,26361,17,18,29,30,31,293,63,64,65],"class_list":{"0":"post-111299","1":"post","2":"type-post","3":"status-publish","4":"format-standard","5":"has-post-thumbnail","7":"category-mundo","8":"tag-breaking-news","9":"tag-breakingnews","10":"tag-featured-news","11":"tag-featurednews","12":"tag-flores","13":"tag-headlines","14":"tag-inverno","15":"tag-jardinagem","16":"tag-latest-news","17":"tag-latestnews","18":"tag-lavanda","19":"tag-main-news","20":"tag-mainnews","21":"tag-mundo","22":"tag-news","23":"tag-noticias","24":"tag-noticias-principais","25":"tag-noticiasprincipais","26":"tag-outono","27":"tag-plantas","28":"tag-primavera","29":"tag-principais-noticias","30":"tag-principaisnoticias","31":"tag-rosa","32":"tag-top-stories","33":"tag-topstories","34":"tag-ultimas","35":"tag-ultimas-noticias","36":"tag-ultimasnoticias","37":"tag-verao","38":"tag-world","39":"tag-world-news","40":"tag-worldnews"},"share_on_mastodon":{"url":"","error":""},"_links":{"self":[{"href":"https:\/\/www.europesays.com\/pt\/wp-json\/wp\/v2\/posts\/111299","targetHints":{"allow":["GET"]}}],"collection":[{"href":"https:\/\/www.europesays.com\/pt\/wp-json\/wp\/v2\/posts"}],"about":[{"href":"https:\/\/www.europesays.com\/pt\/wp-json\/wp\/v2\/types\/post"}],"author":[{"embeddable":true,"href":"https:\/\/www.europesays.com\/pt\/wp-json\/wp\/v2\/users\/2"}],"replies":[{"embeddable":true,"href":"https:\/\/www.europesays.com\/pt\/wp-json\/wp\/v2\/comments?post=111299"}],"version-history":[{"count":0,"href":"https:\/\/www.europesays.com\/pt\/wp-json\/wp\/v2\/posts\/111299\/revisions"}],"wp:featuredmedia":[{"embeddable":true,"href":"https:\/\/www.europesays.com\/pt\/wp-json\/wp\/v2\/media\/111300"}],"wp:attachment":[{"href":"https:\/\/www.europesays.com\/pt\/wp-json\/wp\/v2\/media?parent=111299"}],"wp:term":[{"taxonomy":"category","embeddable":true,"href":"https:\/\/www.europesays.com\/pt\/wp-json\/wp\/v2\/categories?post=111299"},{"taxonomy":"post_tag","embeddable":true,"href":"https:\/\/www.europesays.com\/pt\/wp-json\/wp\/v2\/tags?post=111299"}],"curies":[{"name":"wp","href":"https:\/\/api.w.org\/{rel}","templated":true}]}}