{"id":111308,"date":"2025-10-15T02:22:12","date_gmt":"2025-10-15T02:22:12","guid":{"rendered":"https:\/\/www.europesays.com\/pt\/111308\/"},"modified":"2025-10-15T02:22:12","modified_gmt":"2025-10-15T02:22:12","slug":"felipe-selau-ator-de-malhacao-e-encontrado-morto-aos-31-anos","status":"publish","type":"post","link":"https:\/\/www.europesays.com\/pt\/111308\/","title":{"rendered":"Felipe Selau, ator de &#8220;Malha\u00e7\u00e3o&#8221;, \u00e9 encontrado morto aos 31 anos"},"content":{"rendered":"<p><img fetchpriority=\"high\" decoding=\"async\" class=\"w-fit lg:w-full\" loading=\"eager\" src=\"https:\/\/www.europesays.com\/pt\/wp-content\/uploads\/2025\/10\/5471173_88aade7adde44ab.jpg\" title=\"@felipe.ceu \/ Instagram \/ Reprodu\u00e7\u00e3o\" alt=\"@felipe.ceu \/ Instagram \/ Reprodu\u00e7\u00e3o\" width=\"700\" height=\"477\"\/>Selau tamb\u00e9m participou da seletiva do &#8220;MasterChef Brasil 6&#8221;, em 2019.@felipe.ceu \/ Instagram \/ Reprodu\u00e7\u00e3o<\/p>\n<p><strong>Felipe Selau<\/strong>, ator da Malha\u00e7\u00e3o de 2014, foi encontrado morto nesta ter\u00e7a-feira (14), dentro de seu apartamento, em S\u00e3o Paulo. A informa\u00e7\u00e3o foi confirmada pela irm\u00e3 Priscilla Selau, atleta do time feminino do Cruzeiro.\u00a0<\/p>\n<p>Selau trabalhava atualmente como produtor-executivo da Chilli Beans e tinha como nome art\u00edstico Felipe C\u00e9u. A causa da morte ainda n\u00e3o foi divulgada. As informa\u00e7\u00f5es s\u00e3o da <a href=\"https:\/\/www.cnnbrasil.com.br\/entretenimento\/ex-malhacao-felipe-selau-e-encontrado-morto-aos-31-anos\/\" rel=\"nofollow noopener\" target=\"_blank\"><strong>CNN Brasil<\/strong><\/a>.\u00a0<\/p>\n<p>Segundo Priscilla, um chaveiro encontrou Felipe ca\u00eddo em frente a porta de seu apartamento \u2014 na parte de dentro. Ap\u00f3s o trabalho da per\u00edcia, foram encontrados rem\u00e9dios antidepressivos.<\/p>\n<p>Al\u00e9m de seu trabalho em Malha\u00e7\u00e3o, Selau tamb\u00e9m participou da seletiva do MasterChef Brasil 6, em 2019.<\/p>\n<p>Sumi\u00e7o<\/p>\n<p>A irm\u00e3 de Felipe disse que foi contatada pelo chefe do irm\u00e3o na \u00faltima semana. Ele teria avisado que n\u00e3o conseguia entrar em contato com Felipe havia mais de um dia. Na ocasi\u00e3o, um chaveiro entrou dentro da resid\u00eancia da v\u00edtima e o encontrou &#8220;<strong>dopado<\/strong>&#8220;, segundo a irm\u00e3. Em seguida, se recuperou.<\/p>\n<p>Priscilla explica que a fam\u00edlia voltou a identificar um comportamento estranho em Felipe, quando ele novamente parou de responder as mensagens.<\/p>\n<p>Na segunda-feira (13), ela afirma que pediu para a recepcionista ir at\u00e9 o apartamento de Felipe para saber se ele estava por l\u00e1. Algu\u00e9m respondeu a funcion\u00e1ria, por\u00e9m, n\u00e3o abriu a porta. \u00a0<\/p>\n<p>\u2014 Hoje quando a gente acordou continuamos sem resposta. Chamamos novamente um chaveiro e quando ele entrou, n\u00e3o conseguiu empurrar a porta porque meu irm\u00e3o estava ca\u00eddo na porta. Chamaram bombeiro, pol\u00edcia e quando entraram, <strong>meu irm\u00e3o j\u00e1 estava sem vida<\/strong> \u2014 disse Priscilla.\u00a0<\/p>\n<p>Em v\u00eddeo nas redes sociais, Priscilla disse que a fam\u00edlia ainda n\u00e3o sabe o &#8220;que realmente aconteceu&#8221;:<\/p>\n<p>\u2014 Fizeram a per\u00edcia, encontraram algumas coisas no apartamento dele, inclusive antidepressivo, s\u00f3 que n\u00e3o sei o que aconteceu, porque se a recepcionista ouviu algu\u00e9m falando&#8230; A gente n\u00e3o sabe o que realmente aconteceu.<\/p>\n","protected":false},"excerpt":{"rendered":"Selau tamb\u00e9m participou da seletiva do &#8220;MasterChef Brasil 6&#8221;, em 2019.@felipe.ceu \/ Instagram \/ Reprodu\u00e7\u00e3o Felipe Selau, ator&hellip;\n","protected":false},"author":2,"featured_media":111309,"comment_status":"","ping_status":"","sticky":false,"template":"","format":"standard","meta":{"footnotes":""},"categories":[142],"tags":[114,115,1535,32,33,654,151],"class_list":{"0":"post-111308","1":"post","2":"type-post","3":"status-publish","4":"format-standard","5":"has-post-thumbnail","7":"category-tv","8":"tag-entertainment","9":"tag-entretenimento","10":"tag-obituario","11":"tag-portugal","12":"tag-pt","13":"tag-sao-paulo","14":"tag-tv"},"share_on_mastodon":{"url":"","error":""},"_links":{"self":[{"href":"https:\/\/www.europesays.com\/pt\/wp-json\/wp\/v2\/posts\/111308","targetHints":{"allow":["GET"]}}],"collection":[{"href":"https:\/\/www.europesays.com\/pt\/wp-json\/wp\/v2\/posts"}],"about":[{"href":"https:\/\/www.europesays.com\/pt\/wp-json\/wp\/v2\/types\/post"}],"author":[{"embeddable":true,"href":"https:\/\/www.europesays.com\/pt\/wp-json\/wp\/v2\/users\/2"}],"replies":[{"embeddable":true,"href":"https:\/\/www.europesays.com\/pt\/wp-json\/wp\/v2\/comments?post=111308"}],"version-history":[{"count":0,"href":"https:\/\/www.europesays.com\/pt\/wp-json\/wp\/v2\/posts\/111308\/revisions"}],"wp:featuredmedia":[{"embeddable":true,"href":"https:\/\/www.europesays.com\/pt\/wp-json\/wp\/v2\/media\/111309"}],"wp:attachment":[{"href":"https:\/\/www.europesays.com\/pt\/wp-json\/wp\/v2\/media?parent=111308"}],"wp:term":[{"taxonomy":"category","embeddable":true,"href":"https:\/\/www.europesays.com\/pt\/wp-json\/wp\/v2\/categories?post=111308"},{"taxonomy":"post_tag","embeddable":true,"href":"https:\/\/www.europesays.com\/pt\/wp-json\/wp\/v2\/tags?post=111308"}],"curies":[{"name":"wp","href":"https:\/\/api.w.org\/{rel}","templated":true}]}}