{"id":111310,"date":"2025-10-15T02:25:23","date_gmt":"2025-10-15T02:25:23","guid":{"rendered":"https:\/\/www.europesays.com\/pt\/111310\/"},"modified":"2025-10-15T02:25:23","modified_gmt":"2025-10-15T02:25:23","slug":"ioannidis-vai-obrigar-os-adeptos-do-sporting-a-esquecer-gyokeres","status":"publish","type":"post","link":"https:\/\/www.europesays.com\/pt\/111310\/","title":{"rendered":"Ioannidis vai obrigar os adeptos do Sporting a esquecer Gyokeres"},"content":{"rendered":"<p>Fotis Ioannidis chegou esta temporada ao Sporting, depois de uma longa &#8216;novela&#8217; para finalizar a sua sa\u00edda do Panathinaikos. No entanto, h\u00e1 quem pense que o grego ir\u00e1 ser uma grande aposta de Rui Borges para esta temporada.<\/p>\n<p>Giannis Goumas, antigo treinador de Fotis Ioannidis na sele\u00e7\u00e3o sub-19 da Gr\u00e9cia, revelou a descoberta do avan\u00e7ado e ainda deixou uma garantia quando perguntado sobre Viktor Gyokeres.<\/p>\n<p>&#8220;Quando o chamei pela primeira vez aos sub-19 ainda estava numa equipa mais pequena, o Levadiakos. Fiquei muito impressionado.\u00a0Forte nos duelos, conseguia segurar a bola sob uma press\u00e3o sufocante, conseguia criar espa\u00e7os para os colegas e o mais importante para um avan\u00e7ado&#8230; marcava com facilidade&#8221;, come\u00e7ou por dizer o treinador de 50 anos, em entrevista ao jornal A Bola.<\/p>\n<p>&#8220;Tenho uma rela\u00e7\u00e3o pessoal com o Fotis e falamos sempre que surge a oportunidade. Ele queria dar esse passo para o Sporting desde o ano passado, mas o Panathinaikos n\u00e3o o deixou sair. Porque era o capit\u00e3o, melhor jogador e fazia a diferen\u00e7a. Tenho a certeza que est\u00e1 absolutamente feliz com esta escolha e num curto espa\u00e7o de tempo tornar-se-\u00e1 influente no Sporting&#8221;, continuou.<\/p>\n<p>&#8220;Viktor Gyokeres? \u00c9 dos melhores avan\u00e7ados do mundo da actualidade, mas penso que Fotis o ir\u00e1 substituir dignamente e tornar-se-\u00e1 um slogan na boca dos adeptos do Sporting. Vai obrigar os adeptos a esquecerem Gyokeres rapidamente. Tenho a certeza&#8221;, apostou Giannis Goumas.<\/p>\n<p>No entanto, o antigo selecionador das camadas jovens hel\u00e9nicas e jogador do Panathinaikos, onde fez toda a sua carreira, admitiu que a sa\u00edda de Ioannidis do clube grego deixou um &#8220;vazio&#8221; que poderia n\u00e3o ser preenchido.<\/p>\n<p>&#8220;Era capit\u00e3o, um dos favoritos das bancadas, a sa\u00edda entristeceu os adeptos e trouxe inseguran\u00e7a sobre se o vazio seria preenchido. Todos sonham em que algum momento possa regressar&#8221;, disse antes de revelar os seus pontos fortes. &#8220;Dentro de campo era a sua perspic\u00e1cia, as qualidades de lideran\u00e7a e o talento, fora dele destacava a sua personalidade e car\u00e1ter&#8221;, atirou.<\/p>\n<p>\u00a0<\/p>\n<p>&#8220;O que ele precisa de melhorar \u00e9 que como avan\u00e7ado-centro, precisa de estar mais dentro da \u00e1rea advers\u00e1ria e estar pronto para rematar, n\u00e3o desperdi\u00e7ar energia fora da \u00e1rea para que tenha a mente limpa para terminar a fase de forma ideal. Precisa de moderar isso&#8221;, rematou o t\u00e9cnico hel\u00e9nico.<\/p>\n<p>Ioannidis n\u00e3o impediu afastamento da Gr\u00e9cia do Mundial 2026<\/p>\n<p>A jogar em Copenhaga, a forma\u00e7\u00e3o da Dinamarca recebeu e venceu a Gr\u00e9cia, por 3-1, na noite do passado domingo, num jogo a contar para a quarta jornada do grupo C desta qualifica\u00e7\u00e3o europeia. Um resultado que deixa a sele\u00e7\u00e3o hel\u00e9nica sem hip\u00f3teses de se apurar para o Campeonato do Mundo de 2026.<\/p>\n<p>Uma entrada fulminante dos n\u00f3rdicos via a sele\u00e7\u00e3o de Hjulmand e Froholdt, que at\u00e9 assistiu um dos golos, a ficar a ganhar logo por 3-0 ainda antes do intervalo, com a rea\u00e7\u00e3o dos hel\u00e9nicos a surgir apenas na segunda parte, com o Ioannidis a assistir Tzolis para o 3-1.<\/p>\n<p>A Gr\u00e9cia procurou reagir na reta final, mas a Dinamarca estabilizou o jogo e acabou por alcan\u00e7ar a vit\u00f3ria. J\u00e1 os gregos, que n\u00e3o utilizaram o sportinguista Georgios Vagiannidis, viram esfumarem-se as hip\u00f3teses de irem ao Mundial&#8217;2026.<\/p>\n<p>Com esta vit\u00f3ria, os dinamarqueses seguram o primeiro lugar do grupo C com 10 pontos, os mesmos que a Esc\u00f3cia que este domingo bateu a Bielorr\u00fassia &#8211; embora com uma diferen\u00e7a de golos muito superior a favor dos dinamarqueses.<\/p>\n<p>Por seu turno, a Gr\u00e9cia segue no terceiro posto com tr\u00eas pontos. Os gregos podem alcan\u00e7ar os nove pontos com os dois jogos que faltam, pelo que j\u00e1 n\u00e3o v\u00e3o ao Mundial&#8217;2026. Quem tamb\u00e9m est\u00e1 fora das contas \u00e9 a Bielorr\u00fassia, \u00faltima com zero pontos.<\/p>\n<p>Leia Tamb\u00e9m: <a href=\"https:\/\/www.noticiasaominuto.com\/desporto\/2859185\/ioannidis-tem-cheiro-de-golo-parece-excelente-alternativa-ao-suarez\" target=\"_blank\" rel=\"noopener noreferrer nofollow\">&#8220;Ioannidis tem cheiro de golo. Parece exce\u00adlente alter\u00adna\u00adtiva ao Su\u00e1rez&#8221;<\/a><\/p>\n","protected":false},"excerpt":{"rendered":"Fotis Ioannidis chegou esta temporada ao Sporting, depois de uma longa &#8216;novela&#8217; para finalizar a sua sa\u00edda do&hellip;\n","protected":false},"author":2,"featured_media":111311,"comment_status":"","ping_status":"","sticky":false,"template":"","format":"standard","meta":{"footnotes":""},"categories":[87],"tags":[135,32,33,134],"class_list":{"0":"post-111310","1":"post","2":"type-post","3":"status-publish","4":"format-standard","5":"has-post-thumbnail","7":"category-desporto","8":"tag-desporto","9":"tag-portugal","10":"tag-pt","11":"tag-sports"},"share_on_mastodon":{"url":"","error":""},"_links":{"self":[{"href":"https:\/\/www.europesays.com\/pt\/wp-json\/wp\/v2\/posts\/111310","targetHints":{"allow":["GET"]}}],"collection":[{"href":"https:\/\/www.europesays.com\/pt\/wp-json\/wp\/v2\/posts"}],"about":[{"href":"https:\/\/www.europesays.com\/pt\/wp-json\/wp\/v2\/types\/post"}],"author":[{"embeddable":true,"href":"https:\/\/www.europesays.com\/pt\/wp-json\/wp\/v2\/users\/2"}],"replies":[{"embeddable":true,"href":"https:\/\/www.europesays.com\/pt\/wp-json\/wp\/v2\/comments?post=111310"}],"version-history":[{"count":0,"href":"https:\/\/www.europesays.com\/pt\/wp-json\/wp\/v2\/posts\/111310\/revisions"}],"wp:featuredmedia":[{"embeddable":true,"href":"https:\/\/www.europesays.com\/pt\/wp-json\/wp\/v2\/media\/111311"}],"wp:attachment":[{"href":"https:\/\/www.europesays.com\/pt\/wp-json\/wp\/v2\/media?parent=111310"}],"wp:term":[{"taxonomy":"category","embeddable":true,"href":"https:\/\/www.europesays.com\/pt\/wp-json\/wp\/v2\/categories?post=111310"},{"taxonomy":"post_tag","embeddable":true,"href":"https:\/\/www.europesays.com\/pt\/wp-json\/wp\/v2\/tags?post=111310"}],"curies":[{"name":"wp","href":"https:\/\/api.w.org\/{rel}","templated":true}]}}