{"id":111312,"date":"2025-10-15T02:33:13","date_gmt":"2025-10-15T02:33:13","guid":{"rendered":"https:\/\/www.europesays.com\/pt\/111312\/"},"modified":"2025-10-15T02:33:13","modified_gmt":"2025-10-15T02:33:13","slug":"filha-faz-relato-sobre-tratamento-de-faustao-processo-super-longo","status":"publish","type":"post","link":"https:\/\/www.europesays.com\/pt\/111312\/","title":{"rendered":"Filha faz relato sobre tratamento de Faust\u00e3o: &#8220;Processo super longo&#8221;"},"content":{"rendered":"<p>Lara Silva, filha de Faust\u00e3o, atualizou o estado de sa\u00fade do pai e celebrou o fato de o apresentador ter conseguido comparecer ao seu casamento, que aconteceu recentemente. A cantora, que acaba de lan\u00e7ar um novo \u00e1lbum, ainda destacou a import\u00e2ncia que o veterano teve ao impulsionar a carreira de diversos artistas.<\/p>\n<p>continua depois da publicidade<\/p>\n<p>&#8220;Eu sei o quanto ele foi importante na carreira de outros artistas e agora, nessa mesma linha, eu entendo a import\u00e2ncia que o programa dele teve nesse sentido. Como um todo, esse \u00e1lbum fala sobre a minha inf\u00e2ncia, as minhas mem\u00f3rias. Ele e a minha m\u00e3e foram essenciais na constru\u00e7\u00e3o de quem eu sou hoje&#8221;, admitiu, em entrevista \u00e0 CNN Brasil.<\/p>\n<p>+\u00a0<a href=\"https:\/\/natelinha.uol.com.br\/colunas\/coluna-do-sandro\/2025\/10\/14\/globo-nao-errou-apenas-vendeu-mas-redes-so-entenderam-como-ironia-a-band-e-hbo-232625.php\" rel=\"nofollow noopener\" target=\"_blank\">Globo n\u00e3o errou, apenas vendeu, mas redes s\u00f3 entenderam como ironia \u00e0 Band e HBO<\/a><\/p>\n<p>+\u00a0<a href=\"https:\/\/natelinha.uol.com.br\/televisao\/2025\/10\/14\/craque-neto-surta-ao-vivo-e-ataca-william-bonner-na-band-nunca-foi-na-zona-232627.php\" rel=\"nofollow noopener\" target=\"_blank\">Craque Neto surta ao vivo e ataca William Bonner na Band: &#8220;Nunca foi na zona&#8221;<\/a><\/p>\n<p>continua depois da publicidade<\/p>\n<p>Dona do \u00e1lbum No Mundo da Lua, ela se casou no \u00faltimo dia 20 de setembro. Na ocasi\u00e3o <a href=\"https:\/\/natelinha.uol.com.br\/famosos\/tudo-sobre\/faustao\" rel=\"nofollow noopener\" target=\"_blank\">Faust\u00e3o<\/a> levou a filha ao altar fazendo uso de uma cadeira de rodas: &#8220;Ele est\u00e1 super bem, se recuperando bem. \u00c9 um processo super longo, mas eu fiquei feliz que ele conseguiu estar comigo em um dia t\u00e3o especial, que foi o meu casamento&#8221;.<\/p>\n<p>Em agosto, o ex-titular do <a href=\"https:\/\/natelinha.uol.com.br\/televisao\/programas\/domingao\" rel=\"nofollow noopener\" target=\"_blank\">Doming\u00e3o<\/a> foi submetido a mais um transplante de rim e um de f\u00edgado. O famoso passou cerca de tr\u00eas meses internado no Hospital Albert Einstein, em S\u00e3o Paulo, mas <a href=\"https:\/\/natelinha.uol.com.br\/famosos\/2025\/08\/28\/faustao-recebe-alta-medica-apos-mais-de-3-meses-internado-230509.php\" rel=\"nofollow noopener\" target=\"_blank\">recebeu alta a tempo de estar presente na festa de casamento<\/a> de Lara com Julinho Casares.<\/p>\n<p>continua depois da publicidade<\/p>\n<p>Faust\u00e3o no casamento da filha<\/p>\n<p><a href=\"https:\/\/natelinha.uol.com.br\/famosos\/2025\/09\/20\/de-cadeira-de-rodas-faustao-surge-pela-1-vez-apos-transplante-231587.php\" rel=\"nofollow noopener\" target=\"_blank\">Foi no dia do casamento de Lara que Faust\u00e3o fez sua primeira apari\u00e7\u00e3o ap\u00f3s a longa interna\u00e7\u00e3o.<\/a> O comunicador, que est\u00e1 com 75 anos, acompanhou a herdeira at\u00e9 o altar em uma cadeira de rodas. A celebra\u00e7\u00e3o, bem intimista, aconteceu na mans\u00e3o do ex-global em S\u00e3o Paulo (SP) e foi reservada a familiares e amigos mais pr\u00f3ximos, em um total de 40 pessoas.<\/p>\n<p>Nas imagens divulgadas por <a href=\"https:\/\/natelinha.uol.com.br\/famosos\/tudo-sobre\/joao-silva\" rel=\"nofollow noopener\" target=\"_blank\">Jo\u00e3o Silva<\/a> no Instagram, Faust\u00e3o aparece de m\u00e3os dadas com Lara enquanto o filho ca\u00e7ula, Rodrigo Silva, empurra a cadeira de rodas do pai. O apresentador, bem mais magro, surge trocando algumas palavras com a herdeira e sorrindo.<\/p>\n<p>continua depois da publicidade<\/p>\n<blockquote class=\"twitter-tweet\" data-lang=\"pt\" data-width=\"550\" width=\"550\"><p>\n\t\t\t\t\t\t\t\t\t<a href=\"https:\/\/twitter.com\/lucaspasin\/status\/1969451732724777383\" rel=\"nofollow noopener\" target=\"_blank\">lucaspasin<\/a>\n\t\t\t\t\t\t\t   <\/p><\/blockquote>\n<p>                    <script async src=\"https:\/\/platform.twitter.com\/widgets.js\" charset=\"utf-8\"><\/script><\/p>\n","protected":false},"excerpt":{"rendered":"Lara Silva, filha de Faust\u00e3o, atualizou o estado de sa\u00fade do pai e celebrou o fato de o&hellip;\n","protected":false},"author":2,"featured_media":111313,"comment_status":"","ping_status":"","sticky":false,"template":"","format":"standard","meta":{"footnotes":""},"categories":[145],"tags":[211,210,114,115,6456,32,33],"class_list":{"0":"post-111312","1":"post","2":"type-post","3":"status-publish","4":"format-standard","5":"has-post-thumbnail","7":"category-celebridades","8":"tag-celebridades","9":"tag-celebrities","10":"tag-entertainment","11":"tag-entretenimento","12":"tag-faustao","13":"tag-portugal","14":"tag-pt"},"share_on_mastodon":{"url":"","error":""},"_links":{"self":[{"href":"https:\/\/www.europesays.com\/pt\/wp-json\/wp\/v2\/posts\/111312","targetHints":{"allow":["GET"]}}],"collection":[{"href":"https:\/\/www.europesays.com\/pt\/wp-json\/wp\/v2\/posts"}],"about":[{"href":"https:\/\/www.europesays.com\/pt\/wp-json\/wp\/v2\/types\/post"}],"author":[{"embeddable":true,"href":"https:\/\/www.europesays.com\/pt\/wp-json\/wp\/v2\/users\/2"}],"replies":[{"embeddable":true,"href":"https:\/\/www.europesays.com\/pt\/wp-json\/wp\/v2\/comments?post=111312"}],"version-history":[{"count":0,"href":"https:\/\/www.europesays.com\/pt\/wp-json\/wp\/v2\/posts\/111312\/revisions"}],"wp:featuredmedia":[{"embeddable":true,"href":"https:\/\/www.europesays.com\/pt\/wp-json\/wp\/v2\/media\/111313"}],"wp:attachment":[{"href":"https:\/\/www.europesays.com\/pt\/wp-json\/wp\/v2\/media?parent=111312"}],"wp:term":[{"taxonomy":"category","embeddable":true,"href":"https:\/\/www.europesays.com\/pt\/wp-json\/wp\/v2\/categories?post=111312"},{"taxonomy":"post_tag","embeddable":true,"href":"https:\/\/www.europesays.com\/pt\/wp-json\/wp\/v2\/tags?post=111312"}],"curies":[{"name":"wp","href":"https:\/\/api.w.org\/{rel}","templated":true}]}}