{"id":111320,"date":"2025-10-15T02:59:12","date_gmt":"2025-10-15T02:59:12","guid":{"rendered":"https:\/\/www.europesays.com\/pt\/111320\/"},"modified":"2025-10-15T02:59:12","modified_gmt":"2025-10-15T02:59:12","slug":"cdu-diz-que-ha-60-votos-por-contabilizar-em-lisboa-e-admite-pedidos-de-recontagem","status":"publish","type":"post","link":"https:\/\/www.europesays.com\/pt\/111320\/","title":{"rendered":"CDU diz que h\u00e1 60 votos por contabilizar em Lisboa e admite pedidos de recontagem"},"content":{"rendered":"<p>A CDU, coliga\u00e7\u00e3o que junta PCP e PEV, disse esta ter\u00e7a-feira que h\u00e1 60 votos por contabilizar na freguesia de S\u00e3o Domingos de Benfica, em Lisboa, &#8220;que n\u00e3o chegaram a ser contados&#8221; no domingo no \u00e2mbito das elei\u00e7\u00f5es aut\u00e1rquicas. Segundo os resultados provis\u00f3rios publicados pela Secretaria-Geral do Minist\u00e9rio da Administra\u00e7\u00e3o Interna, a CDU foi ultrapassada pelo Chega na elei\u00e7\u00e3o para a C\u00e2mara Municipal de Lisboa, por uma diferen\u00e7a de apenas 11 votos, mas que se refletiu na perda de um vereador comunista na capital, comparativamente aos dois eleitos em 2021.<\/p>\n<p>No \u00e2mbito do in\u00edcio das assembleias de apuramento geral dos resultados eleitorais, a CDU revelou que &#8220;ainda se t\u00eam de contabilizar 60 votos de uma freguesia que n\u00e3o chegaram a ser contados&#8221;, adiantando que se trata de S\u00e3o Domingos de Benfica. &#8220;No fim deste processo pode haver altera\u00e7\u00e3o de resultados. Tamb\u00e9m pode haver pedidos de recontagem, se houver elementos que o justifiquem&#8221;, acrescentou a coliga\u00e7\u00e3o PCP\/PEV, ressalvando que &#8220;as recontagens n\u00e3o s\u00e3o feitas a pedido, tem de haver algum fundamento&#8221;.<\/p>\n<p>&#8220;A proximidade dos resultados [entre a CDU e o Chega], por si s\u00f3, n\u00e3o \u00e9 suficiente&#8221;, acrescentou, referindo que a decis\u00e3o sobre um poss\u00edvel pedido de recontagem dos votos ser\u00e1 tomada ap\u00f3s a conclus\u00e3o das assembleias de apuramento geral, que t\u00eam de proclamar os resultados at\u00e9 quinta-feira.<\/p>\n<p>Numa breve nota enviada \u00e0 comunica\u00e7\u00e3o social, a CDU informou ainda que \u00e9 nas assembleias de apuramento geral que se apreciam os protestos e &#8220;se verificam (e eventualmente contestam) os votos nulos&#8221;.<\/p>\n<p>Fonte do partido Chega disse \u00e0 Lusa que<strong> houve &#8220;um erro&#8221; nos boletins de votos para a assembleia de freguesia de S\u00e3o Domingos de Benfica<\/strong> durante o voto antecipado, indicando que &#8220;n\u00e3o continham a necess\u00e1ria quadr\u00edcula para o voto&#8221; na candidatura do Chega, tendo denunciado a situa\u00e7\u00e3o \u00e0 Comiss\u00e3o Nacional de Elei\u00e7\u00f5es (CNE).<\/p>\n<p>Em declara\u00e7\u00f5es \u00e0 ag\u00eancia Lusa, o porta-voz da CNE, Andr\u00e9 Wemans, revelou que se verificou <strong>&#8220;cerca de 50 boletins com uma falha&#8221;<\/strong> quanto a um dos tr\u00eas boletins de voto na freguesia de S\u00e3o Domingos de Benfica durante o voto antecipado, acrescentando que o problema foi corrigido nos boletins de domingo. Contudo, n\u00e3o ter\u00e3o sido contados os votos de nenhum dos tr\u00eas boletins das vota\u00e7\u00e3o antecipada de s\u00e1bado para aquela freguesia. <\/p>\n<p>A CNE deu indica\u00e7\u00e3o \u00e0 assembleia de apuramento geral para que esses votos fossem analisados, adiantou Andr\u00e9 Wemans, sem conseguir dizer se os mesmos ter\u00e3o de ser considerados nulos e se a decis\u00e3o afeta apenas o boletim para a assembleia de freguesia de S\u00e3o Domingos de Benfica ou tamb\u00e9m os outros dois para a C\u00e2mara Municipal e para a Assembleia Municipal.<\/p>\n<p>Questionado sobre os 60 votos que a CDU diz que ficaram por contabilizar, o porta-voz da CNE disse estar convencido que tem a ver com o problema registado nos boletins do voto antecipado, informando que os representantes das candidaturas concorrentes t\u00eam o direito de assistir aos trabalhos das assembleias de apuramento geral, bem como de apresentar protestos, desde que devidamente fundamentados, no \u00e2mbito da conclus\u00e3o dos trabalhos at\u00e9 quinta-feira.<\/p>\n<p><strong>Depois dessa data, com a publica\u00e7\u00e3o dos resultados definitivos, segundo Andr\u00e9 Wemans, o protesto poss\u00edvel \u00e9 atrav\u00e9s da impugna\u00e7\u00e3o dos resultados.<\/strong><\/p>\n<p>Nas elei\u00e7\u00f5es de domingo, o social-democrata Carlos Moedas foi reeleito presidente da C\u00e2mara Municipal de Lisboa, pela coliga\u00e7\u00e3o PSD\/CDS-PP\/IL, com 41,69% dos votos, derrotando a socialista Alexandra Leit\u00e3o (PS\/Livre\/BE\/PAN), que teve 33,95%.<\/p>\n<p>O Chega, partido que em 2021 n\u00e3o conseguiu eleger para o executivo municipal, foi a terceira candidatura mais votada, com 10,10% dos votos (26.780 votos), ficando \u00e0 frente da CDU, que obteve10,09% (26.769 votos), por uma diferen\u00e7a de apenas 11 votos.<\/p>\n","protected":false},"excerpt":{"rendered":"A CDU, coliga\u00e7\u00e3o que junta PCP e PEV, disse esta ter\u00e7a-feira que h\u00e1 60 votos por contabilizar na&hellip;\n","protected":false},"author":2,"featured_media":111321,"comment_status":"","ping_status":"","sticky":false,"template":"","format":"standard","meta":{"footnotes":""},"categories":[10],"tags":[27,28,15,16,14,25,26,21,22,12,13,19,20,32,23,24,33,17,18,29,30,31],"class_list":{"0":"post-111320","1":"post","2":"type-post","3":"status-publish","4":"format-standard","5":"has-post-thumbnail","7":"category-portugal","8":"tag-breaking-news","9":"tag-breakingnews","10":"tag-featured-news","11":"tag-featurednews","12":"tag-headlines","13":"tag-latest-news","14":"tag-latestnews","15":"tag-main-news","16":"tag-mainnews","17":"tag-news","18":"tag-noticias","19":"tag-noticias-principais","20":"tag-noticiasprincipais","21":"tag-portugal","22":"tag-principais-noticias","23":"tag-principaisnoticias","24":"tag-pt","25":"tag-top-stories","26":"tag-topstories","27":"tag-ultimas","28":"tag-ultimas-noticias","29":"tag-ultimasnoticias"},"share_on_mastodon":{"url":"","error":""},"_links":{"self":[{"href":"https:\/\/www.europesays.com\/pt\/wp-json\/wp\/v2\/posts\/111320","targetHints":{"allow":["GET"]}}],"collection":[{"href":"https:\/\/www.europesays.com\/pt\/wp-json\/wp\/v2\/posts"}],"about":[{"href":"https:\/\/www.europesays.com\/pt\/wp-json\/wp\/v2\/types\/post"}],"author":[{"embeddable":true,"href":"https:\/\/www.europesays.com\/pt\/wp-json\/wp\/v2\/users\/2"}],"replies":[{"embeddable":true,"href":"https:\/\/www.europesays.com\/pt\/wp-json\/wp\/v2\/comments?post=111320"}],"version-history":[{"count":0,"href":"https:\/\/www.europesays.com\/pt\/wp-json\/wp\/v2\/posts\/111320\/revisions"}],"wp:featuredmedia":[{"embeddable":true,"href":"https:\/\/www.europesays.com\/pt\/wp-json\/wp\/v2\/media\/111321"}],"wp:attachment":[{"href":"https:\/\/www.europesays.com\/pt\/wp-json\/wp\/v2\/media?parent=111320"}],"wp:term":[{"taxonomy":"category","embeddable":true,"href":"https:\/\/www.europesays.com\/pt\/wp-json\/wp\/v2\/categories?post=111320"},{"taxonomy":"post_tag","embeddable":true,"href":"https:\/\/www.europesays.com\/pt\/wp-json\/wp\/v2\/tags?post=111320"}],"curies":[{"name":"wp","href":"https:\/\/api.w.org\/{rel}","templated":true}]}}